{"id":96,"date":"2023-07-19T05:44:13","date_gmt":"2023-07-19T05:44:13","guid":{"rendered":"https:\/\/noticias.webunitystudio.site\/modelo23\/so-faltam-os-escandalosos-juros-cairem-defende-alckmin\/"},"modified":"2024-03-15T18:03:16","modified_gmt":"2024-03-15T18:03:16","slug":"so-faltam-os-escandalosos-juros-cairem-defende-alckmin","status":"publish","type":"post","link":"https:\/\/digitalizandosites.com.br\/noticias03\/so-faltam-os-escandalosos-juros-cairem-defende-alckmin\/","title":{"rendered":"&#8220;S\u00f3 faltam os escandalosos juros ca\u00edrem&#8221;, defende Alckmin &#8211; Artigo de Exemplo"},"content":{"rendered":"<p><\/p>\n<div>\n<p>O vice-presidente e ministro do Desenvolvimento, Ind\u00fastria, Com\u00e9rcio e Servi\u00e7os, Geraldo Alckmin, voltou a defender nesta segunda-feira\u00a0(17) a redu\u00e7\u00e3o da taxa b\u00e1sica de juros do pa\u00eds, que est\u00e1 em 13,75% ao ano.\u00a0<img decoding=\"async\" src=\"data:image\/gif;base64,R0lGODlhAQABAAAAACH5BAEKAAEALAAAAAABAAEAAAICTAEAOw==\" data-src=\"https:\/\/agenciabrasil.ebc.com.br\/ebc.png?id=1544240&amp;o=node\" class=\"lazyload\" style=\"width:1px; height:1px; display:inline;\"\/><img decoding=\"async\" src=\"data:image\/gif;base64,R0lGODlhAQABAAAAACH5BAEKAAEALAAAAAABAAEAAAICTAEAOw==\" data-src=\"https:\/\/agenciabrasil.ebc.com.br\/ebc.gif?id=1544240&amp;o=node\" class=\"lazyload\" style=\"width:1px; height:1px; display:inline;\"\/><\/p>\n<p>Ao comentar as possibilidades de investimentos previstos para o Brasil, Alckmin avaliou a situa\u00e7\u00e3o econ\u00f4mica do pa\u00eds e disse que os &#8220;escandalosos juros&#8221; precisam cair.<\/p>\n<blockquote>\n<p>&#8220;As coisas est\u00e3o caminhando bem:\u00a0infla\u00e7\u00e3o em queda, c\u00e2mbio competitivo, reforma tribut\u00e1ria aprovada na C\u00e2mara, arcabou\u00e7o fiscal encaminhado. S\u00f3 faltam os escandalosos juros ca\u00edrem e n\u00f3s vamos ter uma gera\u00e7\u00e3o de emprego ainda mais forte&#8221;, afirmou.<\/p>\n<\/blockquote>\n<p>Sobre uma pesquisa na qual o Instituto de Pesquisa Econ\u00f4mica Aplicada (Ipea) estima que o novo imposto (IVA) aprovado pela reforma tribut\u00e1ria deve ficar em 28,04%, o vice-presidente disse que &#8220;ainda \u00e9 cedo&#8221; para avaliar o impacto.<\/p>\n<p>&#8220;Eu acho que \u00e9 cedo para ter o resultado final desse trabalho, mas eu diria que foi um passo importante. Os princ\u00edpios da reforma tribut\u00e1ria est\u00e3o colocados. Simplifica\u00e7\u00e3o, redu\u00e7\u00e3o do custo Brasil, diminui\u00e7\u00e3o de judicializa\u00e7\u00e3o, desonera\u00e7\u00e3o completa de investimentos e desonera\u00e7\u00e3o completa do com\u00e9rcio&#8221;, disse.\u00a0<\/p>\n<p>Posicionamentos foram em participa\u00e7\u00e3o\u00a0do semin\u00e1rio internacional Cooperativas pelo Desenvolvimento Sustent\u00e1vel, no Pal\u00e1cio do Itamaraty, em Bras\u00edlia. O evento \u00e9 promovido pela Organiza\u00e7\u00e3o das Na\u00e7\u00f5es Unidas (ONU) e pela Organiza\u00e7\u00e3o das Cooperativas Brasileiras (OCB).<\/p>\n<p>No evento, o vice-presidente defendeu o fortalecimento do cooperativismo no pa\u00eds.<\/p>\n<\/p><\/div>\n<p><a href=\"https:\/\/agenciabrasil.ebc.com.br\/politica\/noticia\/2023-07\/so-faltam-escandalosos-juros-cairem-defende-alckmin\">Fonte<\/a><\/p>\n","protected":false},"excerpt":{"rendered":"<p>O vice-presidente e ministro do Desenvolvimento, Ind\u00fastria, Com\u00e9rcio e Servi\u00e7os, Geraldo Alckmin, voltou a defender nesta segunda-feira\u00a0(17) a redu\u00e7\u00e3o da taxa b\u00e1sica de juros do pa\u00eds, que est\u00e1 em 13,75% ao ano.\u00a0 Ao comentar as possibilidades de investimentos previstos para o Brasil, Alckmin avaliou a situa\u00e7\u00e3o econ\u00f4mica do pa\u00eds e disse que os &#8220;escandalosos juros&#8221; [&hellip;]<\/p>\n","protected":false},"author":1,"featured_media":97,"comment_status":"open","ping_status":"open","sticky":false,"template":"","format":"standard","meta":{"footnotes":""},"categories":[9],"tags":[],"_links":{"self":[{"href":"https:\/\/digitalizandosites.com.br\/noticias03\/wp-json\/wp\/v2\/posts\/96"}],"collection":[{"href":"https:\/\/digitalizandosites.com.br\/noticias03\/wp-json\/wp\/v2\/posts"}],"about":[{"href":"https:\/\/digitalizandosites.com.br\/noticias03\/wp-json\/wp\/v2\/types\/post"}],"author":[{"embeddable":true,"href":"https:\/\/digitalizandosites.com.br\/noticias03\/wp-json\/wp\/v2\/users\/1"}],"replies":[{"embeddable":true,"href":"https:\/\/digitalizandosites.com.br\/noticias03\/wp-json\/wp\/v2\/comments?post=96"}],"version-history":[{"count":1,"href":"https:\/\/digitalizandosites.com.br\/noticias03\/wp-json\/wp\/v2\/posts\/96\/revisions"}],"predecessor-version":[{"id":12673,"href":"https:\/\/digitalizandosites.com.br\/noticias03\/wp-json\/wp\/v2\/posts\/96\/revisions\/12673"}],"wp:featuredmedia":[{"embeddable":true,"href":"https:\/\/digitalizandosites.com.br\/noticias03\/wp-json\/wp\/v2\/media\/97"}],"wp:attachment":[{"href":"https:\/\/digitalizandosites.com.br\/noticias03\/wp-json\/wp\/v2\/media?parent=96"}],"wp:term":[{"taxonomy":"category","embeddable":true,"href":"https:\/\/digitalizandosites.com.br\/noticias03\/wp-json\/wp\/v2\/categories?post=96"},{"taxonomy":"post_tag","embeddable":true,"href":"https:\/\/digitalizandosites.com.br\/noticias03\/wp-json\/wp\/v2\/tags?post=96"}],"curies":[{"name":"wp","href":"https:\/\/api.w.org\/{rel}","templated":true}]}}