{"id":94,"date":"2023-07-19T05:44:07","date_gmt":"2023-07-19T05:44:07","guid":{"rendered":"https:\/\/noticias.webunitystudio.site\/modelo23\/lula-participa-de-reuniao-entre-governo-e-oposicao-venezuelanos\/"},"modified":"2024-03-15T18:03:20","modified_gmt":"2024-03-15T18:03:20","slug":"lula-participa-de-reuniao-entre-governo-e-oposicao-venezuelanos","status":"publish","type":"post","link":"https:\/\/digitalizandosites.com.br\/noticias03\/lula-participa-de-reuniao-entre-governo-e-oposicao-venezuelanos\/","title":{"rendered":"Lula participa de reuni\u00e3o entre governo e oposi\u00e7\u00e3o venezuelanos &#8211; Artigo de Exemplo"},"content":{"rendered":"<p><\/p>\n<div>\n<p>O presidente Luiz In\u00e1cio Lula da Silva participou de um encontro entre a vice-presidente da Venezuela, Delcy Rodr\u00edguez, e o advogado Gerardo Blyde, um dos l\u00edderes da oposi\u00e7\u00e3o no pa\u00eds, nesta segunda-feira (17), em Bruxelas, \u00e0s margens da 3\u00aa C\u00fapula da Comunidade dos Estados Latino-Americanos e Caribenhos (Celac) e da Uni\u00e3o Europeia. A reuni\u00e3o tamb\u00e9m contou com a participa\u00e7\u00e3o do presidente da Fran\u00e7a, Emmanuel Macron, do presidente da Col\u00f4mbia, Gustavo Petro, e do presidente da Argentina, Alberto Fern\u00e1ndez. A realiza\u00e7\u00e3o do encontro foi confirmada pelo Pal\u00e1cio do Planalto, que n\u00e3o deu detalhes sobre o que foi abordado entre os participantes.<img decoding=\"async\" src=\"data:image\/gif;base64,R0lGODlhAQABAAAAACH5BAEKAAEALAAAAAABAAEAAAICTAEAOw==\" data-src=\"https:\/\/agenciabrasil.ebc.com.br\/ebc.png?id=1544242&amp;o=node\" class=\"lazyload\" style=\"width:1px; height:1px; display:inline;\"\/><img decoding=\"async\" src=\"data:image\/gif;base64,R0lGODlhAQABAAAAACH5BAEKAAEALAAAAAABAAEAAAICTAEAOw==\" data-src=\"https:\/\/agenciabrasil.ebc.com.br\/ebc.gif?id=1544242&amp;o=node\" class=\"lazyload\" style=\"width:1px; height:1px; display:inline;\"\/><\/p>\n<div class=\"dnd-widget-wrapper context-cheio_8colunas type-image\">\n<div class=\"dnd-atom-rendered\"><!-- scald=337485:cheio_8colunas --><\/p>\n<div class=\"shadow overflow-hidden rounded-lg d-block zoom-on-hover-sm shadow-hover w-100\">\n            <img decoding=\"async\" src=\"data:image\/gif;base64,R0lGODlhAQABAAAAACH5BAEKAAEALAAAAAABAAEAAAICTAEAOw==\" data-src=\"https:\/\/agenciabrasil.ebc.com.br\/sites\/default\/files\/thumbnails\/image\/loading_v2.gif\" data-echo=\"https:\/\/imagens.ebc.com.br\/wfnf3JbpcFfAkyqvY2VPVKIy_Ek=\/754x0\/smart\/https:\/\/agenciabrasil.ebc.com.br\/sites\/default\/files\/thumbnails\/image\/whatsapp_image_2023-07-17_at_16.30.53.jpeg?itok=o2RSuF3N\" alt=\"Bruxelas, B\u00e9lgica, 17.07.2023 - Reuni\u00e3o com o Presidente da Rep\u00fablica Francesa, Emmanuel Macron, o Presidente da Na\u00e7\u00e3o Argentina, Alberto Fern\u00e1ndez, o Presidente da Rep\u00fablica da Col\u00f4mbia, Gustavo Petro, e a Vice-Presidente da Rep\u00fablica Bolivariana da Venezuela, Delcy Rodr\u00edguez, na III C\u00fapula CELAC-UE.  Foto: Ricardo Stuckert\/PR\" title=\"Ricardo Stuckert\/PR\" class=\"flex-fill img-cover lazyload\"\/><br \/>\n        <noscript><img decoding=\"async\" src=\"data:image\/gif;base64,R0lGODlhAQABAAAAACH5BAEKAAEALAAAAAABAAEAAAICTAEAOw==\" data-src=\"https:\/\/imagens.ebc.com.br\/wfnf3JbpcFfAkyqvY2VPVKIy_Ek=\/754x0\/smart\/https:\/\/agenciabrasil.ebc.com.br\/sites\/default\/files\/thumbnails\/image\/whatsapp_image_2023-07-17_at_16.30.53.jpeg?itok=o2RSuF3N\" alt=\"Bruxelas, B\u00e9lgica, 17.07.2023 - Reuni\u00e3o com o Presidente da Rep\u00fablica Francesa, Emmanuel Macron, o Presidente da Na\u00e7\u00e3o Argentina, Alberto Fern\u00e1ndez, o Presidente da Rep\u00fablica da Col\u00f4mbia, Gustavo Petro, e a Vice-Presidente da Rep\u00fablica Bolivariana da Venezuela, Delcy Rodr\u00edguez, na III C\u00fapula CELAC-UE.  Foto: Ricardo Stuckert\/PR\" title=\"Ricardo Stuckert\/PR\" class=\"flex-fill img-cover lazyload\"\/><\/noscript>\n    <\/div>\n<p><!-- END scald=337485 --><\/div>\n<div class=\"dnd-caption-wrapper\">\n<p>Vice-Presidente da Rep\u00fablica Bolivariana da Venezuela, Delcy Rodr\u00edguez, ao lado de Lula e Macron\u00a0&#8211; <strong>Ricardo Stuckert\/PR<\/strong><!--END copyright=337485--><\/p>\n<\/div>\n<\/div>\n<p>A Venezuela ter\u00e1 elei\u00e7\u00f5es gerais no ano que vem e a oposi\u00e7\u00e3o no pa\u00eds questiona decis\u00f5es de \u00f3rg\u00e3os p\u00fablicos que inabilitaram alguns de seus principais candidatos. No caso mais recente, a ex-deputada Mar\u00eda Corina Machado foi condenada \u00e0 perda de direitos pol\u00edtico por 15 anos. Tamb\u00e9m\u00a0pol\u00edticos de oposi\u00e7\u00e3o, Henrique Capriles e Freddy Superlano\u00a0est\u00e3o igualmente inabilitados para concorrer \u00e0 presid\u00eancia do pa\u00eds. A data das elei\u00e7\u00f5es em 2024 ainda n\u00e3o foi definida.<\/p>\n<h2>C\u00fapula<\/h2>\n<p>Mais cedo, em discurso na abertura da <a href=\"https:\/\/agenciabrasil.ebc.com.br\/politica\/noticia\/2023-07\/na-belgica-lula-critica-extremismos-e-condena-guerra\" target=\"_blank\" rel=\"noopener\">C\u00fapula Celac-Uni\u00e3o Europeia<\/a>, Lula abordou temas como democracia, criticou extremismos pol\u00edticos, condenou a guerra na Ucr\u00e2nia, falou sobre meio ambiente e combate \u00e0 fome e voltou a defender uma nova governan\u00e7a global entre as na\u00e7\u00f5es. O encontro re\u00fane cerca de 60 l\u00edderes europeus, latino-americanos e caribenhos.<\/p>\n<\/p><\/div>\n<p><a href=\"https:\/\/agenciabrasil.ebc.com.br\/politica\/noticia\/2023-07\/lula-participa-de-reuniao-entre-governo-e-oposicao-venezuelanos\">Fonte<\/a><\/p>\n","protected":false},"excerpt":{"rendered":"<p>O presidente Luiz In\u00e1cio Lula da Silva participou de um encontro entre a vice-presidente da Venezuela, Delcy Rodr\u00edguez, e o advogado Gerardo Blyde, um dos l\u00edderes da oposi\u00e7\u00e3o no pa\u00eds, nesta segunda-feira (17), em Bruxelas, \u00e0s margens da 3\u00aa C\u00fapula da Comunidade dos Estados Latino-Americanos e Caribenhos (Celac) e da Uni\u00e3o Europeia. A reuni\u00e3o tamb\u00e9m [&hellip;]<\/p>\n","protected":false},"author":1,"featured_media":95,"comment_status":"open","ping_status":"open","sticky":false,"template":"","format":"standard","meta":{"footnotes":""},"categories":[9],"tags":[],"_links":{"self":[{"href":"https:\/\/digitalizandosites.com.br\/noticias03\/wp-json\/wp\/v2\/posts\/94"}],"collection":[{"href":"https:\/\/digitalizandosites.com.br\/noticias03\/wp-json\/wp\/v2\/posts"}],"about":[{"href":"https:\/\/digitalizandosites.com.br\/noticias03\/wp-json\/wp\/v2\/types\/post"}],"author":[{"embeddable":true,"href":"https:\/\/digitalizandosites.com.br\/noticias03\/wp-json\/wp\/v2\/users\/1"}],"replies":[{"embeddable":true,"href":"https:\/\/digitalizandosites.com.br\/noticias03\/wp-json\/wp\/v2\/comments?post=94"}],"version-history":[{"count":1,"href":"https:\/\/digitalizandosites.com.br\/noticias03\/wp-json\/wp\/v2\/posts\/94\/revisions"}],"predecessor-version":[{"id":12674,"href":"https:\/\/digitalizandosites.com.br\/noticias03\/wp-json\/wp\/v2\/posts\/94\/revisions\/12674"}],"wp:featuredmedia":[{"embeddable":true,"href":"https:\/\/digitalizandosites.com.br\/noticias03\/wp-json\/wp\/v2\/media\/95"}],"wp:attachment":[{"href":"https:\/\/digitalizandosites.com.br\/noticias03\/wp-json\/wp\/v2\/media?parent=94"}],"wp:term":[{"taxonomy":"category","embeddable":true,"href":"https:\/\/digitalizandosites.com.br\/noticias03\/wp-json\/wp\/v2\/categories?post=94"},{"taxonomy":"post_tag","embeddable":true,"href":"https:\/\/digitalizandosites.com.br\/noticias03\/wp-json\/wp\/v2\/tags?post=94"}],"curies":[{"name":"wp","href":"https:\/\/api.w.org\/{rel}","templated":true}]}}