{"id":92,"date":"2023-07-19T05:44:02","date_gmt":"2023-07-19T05:44:02","guid":{"rendered":"https:\/\/noticias.webunitystudio.site\/modelo23\/transicao-energetica-sera-independencia-verdadeira-do-brasil-diz-lula\/"},"modified":"2024-03-15T18:03:22","modified_gmt":"2024-03-15T18:03:22","slug":"transicao-energetica-sera-independencia-verdadeira-do-brasil-diz-lula","status":"publish","type":"post","link":"https:\/\/digitalizandosites.com.br\/noticias03\/transicao-energetica-sera-independencia-verdadeira-do-brasil-diz-lula\/","title":{"rendered":"Transi\u00e7\u00e3o energ\u00e9tica ser\u00e1 independ\u00eancia verdadeira do Brasil, diz Lula &#8211; Artigo de Exemplo"},"content":{"rendered":"<p><\/p>\n<div>\n<p>O presidente Luiz In\u00e1cio Lula da Silva disse, nesta ter\u00e7a-feira (18), que a transi\u00e7\u00e3o energ\u00e9tica representa uma \u201cchance excepcional\u201d para o Brasil alcan\u00e7ar uma \u201cverdadeira independ\u00eancia\u201d, tanto do ponto de vista econ\u00f4mico como cultural, social e geopol\u00edtico. A declara\u00e7\u00e3o foi feita durante o programa semanal <em>Conversa com o Presidente<\/em>, transmitido pela <strong>TV Brasil<\/strong>, emissora da <strong>EBC<\/strong>.<img decoding=\"async\" src=\"data:image\/gif;base64,R0lGODlhAQABAAAAACH5BAEKAAEALAAAAAABAAEAAAICTAEAOw==\" data-src=\"https:\/\/agenciabrasil.ebc.com.br\/ebc.png?id=1544305&amp;o=node\" class=\"lazyload\" style=\"width:1px; height:1px; display:inline;\"\/><img decoding=\"async\" src=\"data:image\/gif;base64,R0lGODlhAQABAAAAACH5BAEKAAEALAAAAAABAAEAAAICTAEAOw==\" data-src=\"https:\/\/agenciabrasil.ebc.com.br\/ebc.gif?id=1544305&amp;o=node\" class=\"lazyload\" style=\"width:1px; height:1px; display:inline;\"\/><\/p>\n<p>Durante o programa, o presidente afirmou ser grande o retorno dos investimentos feitos no setor cultural e que os muitos empregos gerados por este segmento t\u00eam resultado na distribui\u00e7\u00e3o de riquezas, al\u00e9m de levar conhecimento para as pessoas.<\/p>\n<p>Segundo Lula, 98% dos munic\u00edpios manifestaram, ao Minist\u00e9rio da Cultura, interesse em participar das pol\u00edticas desenvolvidas pelo governo para este setor.<\/p>\n<p>Lula est\u00e1 em Bruxelas onde participa da 3\u00aa C\u00fapula Celac-Uni\u00e3o Europeia, encontro que re\u00fane 60 lideran\u00e7as de pa\u00edses latino-americanos e europeus.<\/p>\n<h2>Chance excepcional<\/h2>\n<p>Na entrevista concedida \u00e0 <strong>TV Brasil<\/strong>, o presidente da Rep\u00fablica disse que o Brasil \u201cest\u00e1 ficando ainda mais importante\u201d para o mundo em fun\u00e7\u00e3o da clareza cada vez maior sobre a relev\u00e2ncia da quest\u00e3o ambiental e da necessidade de uma transi\u00e7\u00e3o energ\u00e9tica visando o uso cada vez maior de fontes de energia sustent\u00e1veis, n\u00e3o danosas ao meio ambiente.<\/p>\n<p>\u201cO Brasil tem uma chance excepcional. Nunca antes na hist\u00f3ria do Brasil, vi tanta chance para o Brasil conquistar aliados, espa\u00e7o e investimentos. Sobretudo, nessa quest\u00e3o da transi\u00e7\u00e3o energ\u00e9tica, com as energias e\u00f3lica, solar, biomassa, etanol e biodiesel\u201d, avaliou Lula.<\/p>\n<h2>Independ\u00eancia verdadeira<\/h2>\n<p>\u201cAgora, com o hidrog\u00eanio verde, a chance do Brasil \u00e9 extraordin\u00e1ria. A gente n\u00e3o pode jogar fora essa oportunidade. Acho que o s\u00e9culo 21 definitivamente vai ser o s\u00e9culo da independ\u00eancia verdadeira do Brasil, do ponto de vista econ\u00f4mico, cultural, social e tamb\u00e9m geopol\u00edtico\u201d, acrescentou ao argumentar que a humanidade \u201cprecisa levar em conta que cada gesto e atitude nossa podem melhorar ou piorar a situa\u00e7\u00e3o do planeta\u201d.<\/p>\n<p>Ele reiterou a import\u00e2ncia de os pa\u00edses que ainda possuem grandes florestas em seus territ\u00f3rios permanecerem unidos, tomando decis\u00f5es conjuntas a serem levadas \u00e0 COP-28 [Confer\u00eancia das Partes das Na\u00e7\u00f5es Unidas sobre mudan\u00e7as clim\u00e1ticas (COP28), em novembro, nos Emirados \u00c1rabes], e que a explora\u00e7\u00e3o da Amaz\u00f4nia deve ser feita com cautela, levando em conta cuidados com a floresta e as popula\u00e7\u00f5es que ali vivem.<\/p>\n<p>\u201cA gente n\u00e3o quer transformar a Amaz\u00f4nia em um santu\u00e1rio da humanidade. \u00c9 um territ\u00f3rio no qual temos poder soberano. O que queremos compartilhar \u00e9 a explora\u00e7\u00e3o cient\u00edfica da riqueza da biodiversidade, para saber se dali poderemos extrair produtos f\u00e1rmacos, cosm\u00e9ticos e, sobretudo, encontrar formas de melhorar a vida do povo da selva. Precisamos pensar em cuidar da floresta e do povo, porque \u00e9 o povo o que faz a nossa na\u00e7\u00e3o\u201d, argumentou.<\/p>\n<h2>Cultura \u00e9 investimento<\/h2>\n<p>Lula falou, tamb\u00e9m, sobre o retorno surpreendente que o governo tem observado no setor cultural. \u201cTinham extinguido o Minist\u00e9rio da Cultura, mas n\u00f3s o recriamos. Al\u00e9m de colocar dinheiro no Or\u00e7amento, tivemos duas leis importantes: a Paulo Gustavo e a Aldir Blanc, cada uma delas com quase R$ 4 bilh\u00f5es em recursos a serem distribu\u00eddos em atividades culturais pelo Brasil\u201d, disse o presidente.<\/p>\n<p>Ele afirmou que foi informado pela ministra da Cultura, Margareth Menezes, de que 98% dos munic\u00edpios se inscreveram para receber verbas destinadas a pol\u00edticas voltadas ao setor.<\/p>\n<p>\u201cIsso significa que a cultura voltou. E voltou com for\u00e7a total. Queremos criar comit\u00eas culturais em cada capital do pa\u00eds, para valorizarmos a cultura local e sair do eixo Rio-S\u00e3o Paulo. Precisamos fazer cultura no Brasil inteiro\u201d, opinou.<\/p>\n<p>Segundo ele, \u00e9 preciso pensar a cultura tamb\u00e9m do ponto de vista econ\u00f4mico e financeiro, porque ela gera uma grande quantidade de empregos, al\u00e9m de levar conhecimento \u00e0 popula\u00e7\u00e3o.<\/p>\n<p>\u201cA atividade cultural \u00e9 muito forte economicamente. Quem fala que, quando o governo coloca dinheiro na cultura, est\u00e1 gastando \u00e9 um bob\u00e3o. \u00c9 um mentiroso. \u00c9 um ignorante porque dinheiro em cultura significa investimento. Gera emprego, oportunidades e distribui riquezas, al\u00e9m de levar conhecimento e divertimento para a cabe\u00e7a do povo. Isso \u00e9 extraordin\u00e1rio\u201d, disse Lula.<\/p>\n<p>\u201cTem gente que acha que artista s\u00f3 atrapalha porque s\u00f3 gasta dinheiro e est\u00e1 beijando outro. Larga de ser ignorante. Arte \u00e9 arte, e a gente tem de gostar dela como ela \u00e9. O artista merece respeito do povo brasileiro\u201d, finalizou.<\/p>\n<\/p><\/div>\n<p><a href=\"https:\/\/agenciabrasil.ebc.com.br\/politica\/noticia\/2023-07\/transicao-energetica-sera-independencia-verdadeira-do-brasil-diz-lula\">Fonte<\/a><\/p>\n","protected":false},"excerpt":{"rendered":"<p>O presidente Luiz In\u00e1cio Lula da Silva disse, nesta ter\u00e7a-feira (18), que a transi\u00e7\u00e3o energ\u00e9tica representa uma \u201cchance excepcional\u201d para o Brasil alcan\u00e7ar uma \u201cverdadeira independ\u00eancia\u201d, tanto do ponto de vista econ\u00f4mico como cultural, social e geopol\u00edtico. A declara\u00e7\u00e3o foi feita durante o programa semanal Conversa com o Presidente, transmitido pela TV Brasil, emissora da [&hellip;]<\/p>\n","protected":false},"author":1,"featured_media":93,"comment_status":"open","ping_status":"open","sticky":false,"template":"","format":"standard","meta":{"footnotes":""},"categories":[9],"tags":[],"_links":{"self":[{"href":"https:\/\/digitalizandosites.com.br\/noticias03\/wp-json\/wp\/v2\/posts\/92"}],"collection":[{"href":"https:\/\/digitalizandosites.com.br\/noticias03\/wp-json\/wp\/v2\/posts"}],"about":[{"href":"https:\/\/digitalizandosites.com.br\/noticias03\/wp-json\/wp\/v2\/types\/post"}],"author":[{"embeddable":true,"href":"https:\/\/digitalizandosites.com.br\/noticias03\/wp-json\/wp\/v2\/users\/1"}],"replies":[{"embeddable":true,"href":"https:\/\/digitalizandosites.com.br\/noticias03\/wp-json\/wp\/v2\/comments?post=92"}],"version-history":[{"count":1,"href":"https:\/\/digitalizandosites.com.br\/noticias03\/wp-json\/wp\/v2\/posts\/92\/revisions"}],"predecessor-version":[{"id":12675,"href":"https:\/\/digitalizandosites.com.br\/noticias03\/wp-json\/wp\/v2\/posts\/92\/revisions\/12675"}],"wp:featuredmedia":[{"embeddable":true,"href":"https:\/\/digitalizandosites.com.br\/noticias03\/wp-json\/wp\/v2\/media\/93"}],"wp:attachment":[{"href":"https:\/\/digitalizandosites.com.br\/noticias03\/wp-json\/wp\/v2\/media?parent=92"}],"wp:term":[{"taxonomy":"category","embeddable":true,"href":"https:\/\/digitalizandosites.com.br\/noticias03\/wp-json\/wp\/v2\/categories?post=92"},{"taxonomy":"post_tag","embeddable":true,"href":"https:\/\/digitalizandosites.com.br\/noticias03\/wp-json\/wp\/v2\/tags?post=92"}],"curies":[{"name":"wp","href":"https:\/\/api.w.org\/{rel}","templated":true}]}}