{"id":90,"date":"2023-07-19T05:43:53","date_gmt":"2023-07-19T05:43:53","guid":{"rendered":"https:\/\/noticias.webunitystudio.site\/modelo23\/lula-considera-o-desenrola-brasil-uma-revolucao-extraordinaria\/"},"modified":"2024-03-15T18:03:25","modified_gmt":"2024-03-15T18:03:25","slug":"lula-considera-o-desenrola-brasil-uma-revolucao-extraordinaria","status":"publish","type":"post","link":"https:\/\/digitalizandosites.com.br\/noticias03\/lula-considera-o-desenrola-brasil-uma-revolucao-extraordinaria\/","title":{"rendered":"Lula considera o Desenrola Brasil uma \u201crevolu\u00e7\u00e3o extraordin\u00e1ria\u201d &#8211; Artigo de Exemplo"},"content":{"rendered":"<p><\/p>\n<div>\n<p>O presidente Luiz In\u00e1cio Lula da Silva disse nesta ter\u00e7a-feira (18) que o <a href=\"https:\/\/agenciabrasil.ebc.com.br\/economia\/noticia\/2023-06\/conheca-regras-para-participar-do-desenrola-brasil\" target=\"_blank\" rel=\"noopener\">programa Desenrola Brasil<\/a> \u00e9 uma \u201crevolu\u00e7\u00e3o extraordin\u00e1ria\u201d, ao possibilitar, em especial \u00e0 popula\u00e7\u00e3o pobre, liberdade de suas d\u00edvidas. Ele antecipou que o governo disponibilizar\u00e1, em setembro, um aplicativo voltado a \u201cpessoas que devem nas lojas\u201d, o que, segundo ele, \u201csalvar\u00e1 72% da popula\u00e7\u00e3o que est\u00e1 endividada.<img decoding=\"async\" src=\"data:image\/gif;base64,R0lGODlhAQABAAAAACH5BAEKAAEALAAAAAABAAEAAAICTAEAOw==\" data-src=\"https:\/\/agenciabrasil.ebc.com.br\/ebc.png?id=1544322&amp;o=node\" class=\"lazyload\" style=\"width:1px; height:1px; display:inline;\"\/><img decoding=\"async\" src=\"data:image\/gif;base64,R0lGODlhAQABAAAAACH5BAEKAAEALAAAAAABAAEAAAICTAEAOw==\" data-src=\"https:\/\/agenciabrasil.ebc.com.br\/ebc.gif?id=1544322&amp;o=node\" class=\"lazyload\" style=\"width:1px; height:1px; display:inline;\"\/><\/p>\n<p>A declara\u00e7\u00e3o foi no programa semanal <em>Conversa com o Presidente<\/em>, transmitido pela <strong>TV Brasil<\/strong>. Lula est\u00e1 em em Bruxelas, capital da B\u00e9lgica, onde participa da 3\u00aa C\u00fapula Celac-Uni\u00e3o Europeia. O encontro re\u00fane 60 lideran\u00e7as de pa\u00edses latino-americanos e europeus.<\/p>\n<p>Perguntado sobre o Programa Emergencial de Renegocia\u00e7\u00e3o de D\u00edvidas de Pessoas F\u00edsicas Inadimplentes (Desenrola Brasil), lan\u00e7ado recentemente pelo governo federal, com o objetivo de ajudar os brasileiros a quitarem suas d\u00edvidas, Lula disse que \u201co que est\u00e1 acontecendo \u00e9 uma revolu\u00e7\u00e3o extraordin\u00e1ria\u201d.<\/p>\n<p>\u201cTodo mundo que tem pequena d\u00edvida de R$ 100 vai j\u00e1 ficar isento e sair do Serasa, e quem ganha at\u00e9 R$ 20 mil j\u00e1 pode negociar a d\u00edvida com os bancos. Teve banco anunciando redu\u00e7\u00e3o de 96% na d\u00edvida\u201d, disse o presidente.<\/p>\n<div class=\"dnd-widget-wrapper context-cheio_8colunas type-image\">\n<div class=\"dnd-atom-rendered\"><!-- scald=337191:cheio_8colunas --><\/p>\n<div class=\"shadow overflow-hidden rounded-lg d-block zoom-on-hover-sm shadow-hover w-100\">\n            <img decoding=\"async\" src=\"data:image\/gif;base64,R0lGODlhAQABAAAAACH5BAEKAAEALAAAAAABAAEAAAICTAEAOw==\" data-src=\"https:\/\/agenciabrasil.ebc.com.br\/sites\/default\/files\/thumbnails\/image\/loading_v2.gif\" data-echo=\"https:\/\/imagens.ebc.com.br\/sLkpDYXX-I9tDLsILUydRh83F5I=\/754x0\/smart\/https:\/\/agenciabrasil.ebc.com.br\/sites\/default\/files\/thumbnails\/image\/faixa-2.png?itok=pdWXpaZE\" alt=\"Bras\u00edlia (DF) - Programa desenrola Brasil Faixa 2&#13;&#10;Arte: Ag\u00eancia Brasil\" title=\"Arte Ag\u00eancia Brasil\" class=\"flex-fill img-cover lazyload\"\/><br \/>\n        <noscript><img decoding=\"async\" src=\"data:image\/gif;base64,R0lGODlhAQABAAAAACH5BAEKAAEALAAAAAABAAEAAAICTAEAOw==\" data-src=\"https:\/\/imagens.ebc.com.br\/sLkpDYXX-I9tDLsILUydRh83F5I=\/754x0\/smart\/https:\/\/agenciabrasil.ebc.com.br\/sites\/default\/files\/thumbnails\/image\/faixa-2.png?itok=pdWXpaZE\" alt=\"Bras\u00edlia (DF) - Programa desenrola Brasil Faixa 2&#13;&#10;Arte: Ag\u00eancia Brasil\" title=\"Arte Ag\u00eancia Brasil\" class=\"flex-fill img-cover lazyload\"\/><\/noscript>\n    <\/div>\n<p><!-- END scald=337191 --><\/div>\n<p><h6 class=\"meta\"><!--copyright=337191-->Arte: Ag\u00eancia Brasil<!--END copyright=337191--><\/h6>\n<\/p>\n<\/div>\n<h2>Aplicativo<\/h2>\n<p>O presidente Lula adiantou que em setembro o governo vai lan\u00e7ar um \u201caplicativo para as pessoas que devem para o varejo, nas lojas\u201d. Por meio dele, ser\u00e1 poss\u00edvel obter, tamb\u00e9m, descontos nas d\u00edvidas. \u201cVai ser excepcional. Se der certo, vamos salvar no m\u00ednimo 72% da popula\u00e7\u00e3o que est\u00e1 endividada. E vai permitir que essas pessoas voltem para o mercado de consumo, livres de suas pequenas d\u00edvidas\u201d.<\/p>\n<p>\u201cPobre n\u00e3o gosta de ter d\u00edvidas. Pobre gosta de pagar o que deve. Por isso est\u00e1 tendo tanta procura para resolver o problema da d\u00edvida. Todos querem andar de cara limpa, entrando nos lugares de cabe\u00e7a erguida por n\u00e3o estarem devendo\u201d, disse.<\/p>\n<p>Lula, no entanto, alertou que, caso seja necess\u00e1rio fazer, posteriormente, outras d\u00edvidas, as pessoas o fa\u00e7am, \u201cmas sempre de forma muito respons\u00e1vel\u201d.<\/p>\n<p>O governo, inclusive, informou que lan\u00e7ar\u00e1, no \u00e2mbito do Desenrola Brasil, um <a href=\"https:\/\/agenciabrasil.ebc.com.br\/economia\/noticia\/2023-06\/desenrola-sera-acompanhado-de-programa-de-educacao-financeira\" target=\"_blank\" rel=\"noopener\">programa de educa\u00e7\u00e3o financeira<\/a>, com o objetivo de prevenir o risco de os consumidores ca\u00edrem em novos d\u00e9bitos ap\u00f3s limparem seus nomes.<\/p>\n<\/p><\/div>\n<p><a href=\"https:\/\/agenciabrasil.ebc.com.br\/politica\/noticia\/2023-07\/lula-considera-o-desenrola-brasil-uma-revolucao-extraordinaria\">Fonte<\/a><\/p>\n","protected":false},"excerpt":{"rendered":"<p>O presidente Luiz In\u00e1cio Lula da Silva disse nesta ter\u00e7a-feira (18) que o programa Desenrola Brasil \u00e9 uma \u201crevolu\u00e7\u00e3o extraordin\u00e1ria\u201d, ao possibilitar, em especial \u00e0 popula\u00e7\u00e3o pobre, liberdade de suas d\u00edvidas. Ele antecipou que o governo disponibilizar\u00e1, em setembro, um aplicativo voltado a \u201cpessoas que devem nas lojas\u201d, o que, segundo ele, \u201csalvar\u00e1 72% da [&hellip;]<\/p>\n","protected":false},"author":1,"featured_media":91,"comment_status":"open","ping_status":"open","sticky":false,"template":"","format":"standard","meta":{"footnotes":""},"categories":[9],"tags":[],"_links":{"self":[{"href":"https:\/\/digitalizandosites.com.br\/noticias03\/wp-json\/wp\/v2\/posts\/90"}],"collection":[{"href":"https:\/\/digitalizandosites.com.br\/noticias03\/wp-json\/wp\/v2\/posts"}],"about":[{"href":"https:\/\/digitalizandosites.com.br\/noticias03\/wp-json\/wp\/v2\/types\/post"}],"author":[{"embeddable":true,"href":"https:\/\/digitalizandosites.com.br\/noticias03\/wp-json\/wp\/v2\/users\/1"}],"replies":[{"embeddable":true,"href":"https:\/\/digitalizandosites.com.br\/noticias03\/wp-json\/wp\/v2\/comments?post=90"}],"version-history":[{"count":1,"href":"https:\/\/digitalizandosites.com.br\/noticias03\/wp-json\/wp\/v2\/posts\/90\/revisions"}],"predecessor-version":[{"id":12676,"href":"https:\/\/digitalizandosites.com.br\/noticias03\/wp-json\/wp\/v2\/posts\/90\/revisions\/12676"}],"wp:featuredmedia":[{"embeddable":true,"href":"https:\/\/digitalizandosites.com.br\/noticias03\/wp-json\/wp\/v2\/media\/91"}],"wp:attachment":[{"href":"https:\/\/digitalizandosites.com.br\/noticias03\/wp-json\/wp\/v2\/media?parent=90"}],"wp:term":[{"taxonomy":"category","embeddable":true,"href":"https:\/\/digitalizandosites.com.br\/noticias03\/wp-json\/wp\/v2\/categories?post=90"},{"taxonomy":"post_tag","embeddable":true,"href":"https:\/\/digitalizandosites.com.br\/noticias03\/wp-json\/wp\/v2\/tags?post=90"}],"curies":[{"name":"wp","href":"https:\/\/api.w.org\/{rel}","templated":true}]}}