{"id":86,"date":"2023-07-19T05:43:42","date_gmt":"2023-07-19T05:43:42","guid":{"rendered":"https:\/\/noticias.webunitystudio.site\/modelo23\/lula-confirma-viagem-oficial-a-alemanha-em-dezembro\/"},"modified":"2024-03-15T18:03:29","modified_gmt":"2024-03-15T18:03:29","slug":"lula-confirma-viagem-oficial-a-alemanha-em-dezembro","status":"publish","type":"post","link":"https:\/\/digitalizandosites.com.br\/noticias03\/lula-confirma-viagem-oficial-a-alemanha-em-dezembro\/","title":{"rendered":"Lula confirma viagem oficial \u00e0 Alemanha em dezembro &#8211; Artigo de Exemplo"},"content":{"rendered":"<p><\/p>\n<div>\n<p>O presidente Luiz In\u00e1cio Lula da Silva manteve um encontro bilateral, nesta ter\u00e7a-feira (18), em Bruxelas, com o chanceler da Alemanha, Olaf Scholz, \u00e0 margem da sess\u00e3o plen\u00e1ria da C\u00fapula da Comunidade de Estados Latino-americanos e Caribenhos (Celac) e da Uni\u00e3o Europeia (UE). Na reuni\u00e3o, Scholz convidou Lula para uma segunda reuni\u00e3o de consultas intergovernamentais de alto n\u00edvel, desta em vez em Berlim, capital alem\u00e3.<img decoding=\"async\" src=\"data:image\/gif;base64,R0lGODlhAQABAAAAACH5BAEKAAEALAAAAAABAAEAAAICTAEAOw==\" data-src=\"https:\/\/agenciabrasil.ebc.com.br\/ebc.png?id=1544371&amp;o=node\" class=\"lazyload\" style=\"width:1px; height:1px; display:inline;\"\/><img decoding=\"async\" src=\"data:image\/gif;base64,R0lGODlhAQABAAAAACH5BAEKAAEALAAAAAABAAEAAAICTAEAOw==\" data-src=\"https:\/\/agenciabrasil.ebc.com.br\/ebc.gif?id=1544371&amp;o=node\" class=\"lazyload\" style=\"width:1px; height:1px; display:inline;\"\/><\/p>\n<p>Em janeiro, o chanceler <a href=\"https:\/\/agenciabrasil.ebc.com.br\/politica\/noticia\/2023-01\/lula-defende-mudancas-em-acordo-entre-uniao-europeia-e-mercosul\" target=\"_blank\" rel=\"noopener\">alem\u00e3o esteve em Bras\u00edlia em visita oficial<\/a>, quando se reuniu com Lula no Pal\u00e1cio do Planalto. O pr\u00f3ximo encontro entre ambos est\u00e1 previsto para o dia 4 de dezembro, durante o retorno da viagem Lula \u00e0 Dubai, nos Emirados \u00c1rabes Unidos, onde participar\u00e1 da Confer\u00eancia das Partes sobre Mudan\u00e7as Clim\u00e1ticas nas Na\u00e7\u00f5es Unidas (COP28), que ocorre a partir de 30 de novembro.<\/p>\n<h2>Reuni\u00f5es bilaterais<\/h2>\n<p>Lula se reuniu com outros l\u00edderes europeus paralelamente \u00e0 c\u00fapula. Um dos encontros foi com chanceler federal da \u00c1ustria, Karl Nehammer, que foi convidado por Lula para visitar o Brasil. Lula tamb\u00e9m se reuniu com a primeira-ministra da Dinamarca, Mette Frederiksen. Na conversa, abordaram quest\u00f5es sobre meio ambiente e combate \u00e0 desigualdade, e trocaram convites para visitar o Brasil e a Dinamarca. Frederiksen anunciou inten\u00e7\u00e3o de aprovar uma contribui\u00e7\u00e3o para o Fundo Amaz\u00f4nia no or\u00e7amento dinamarqu\u00eas.<\/p>\n<p>O presidente brasileiro ainda se reuniu com primeiro-ministro da Su\u00e9cia, Ulf Kristersson, quando trataram das rela\u00e7\u00f5es bilaterais, incluindo a parceria na fabrica\u00e7\u00e3o dos ca\u00e7as Gripen, utilizados pela For\u00e7a A\u00e9rea Brasileira (FAB). Brasil e Su\u00e9cia t\u00eam um contrato de produ\u00e7\u00e3o das aeronaves envolvendo a brasileira Embraer e a sueca SAAB. O primeiro-ministro sueco convidou o presidente brasileiro a visitar a Su\u00e9cia. Lula tamb\u00e9m convidou Kristersson a visitar o Brasil, acompanhado de uma miss\u00e3o comercial no ano que vem.<\/p>\n<p>Em maio, Lula participou da cerim\u00f4nia de <a href=\"https:\/\/agenciabrasil.ebc.com.br\/geral\/noticia\/2023-05\/lula-participa-de-inauguracao-de-linha-de-producao-de-cacas-gripen\" target=\"_blank\" rel=\"noopener\">inaugura\u00e7\u00e3o da linha de produ\u00e7\u00e3o da aeronave Gripen<\/a>, na f\u00e1brica da Embraer, na cidade de Gavi\u00e3o Peixoto, interior de S\u00e3o Paulo. O contrato da Saab com a FAB prev\u00ea a entrega de 36 avi\u00f5es Gripen at\u00e9 2027, al\u00e9m da transfer\u00eancia de tecnologia para o Brasil.<\/p>\n<p>Do total, 13 ca\u00e7as ser\u00e3o fabricados na Su\u00e9cia, oito ter\u00e3o a produ\u00e7\u00e3o iniciada no pa\u00eds europeu e conclu\u00edda no Brasil, e 15 ser\u00e3o fabricados integralmente na unidade da Embraer, por engenheiros e t\u00e9cnicos brasileiros, que passaram por treinamento na sede da Saab, em Link\u00f6ping.<\/p>\n<p>Atualmente, quatro dos avi\u00f5es j\u00e1 est\u00e3o operacionais na Base A\u00e9rea de An\u00e1polis (GO) e outros dois chegaram nos \u00faltimos meses. O programa de fabrica\u00e7\u00e3o das aeronaves integra as a\u00e7\u00f5es voltadas para a renova\u00e7\u00e3o da infraestrutura das For\u00e7as Armadas do Brasil, processo que tamb\u00e9m conta com o projeto do submarino nuclear brasileiro, no Rio de Janeiro, e com o projeto do blindado Guarani.<\/p>\n<\/p><\/div>\n<p><a href=\"https:\/\/agenciabrasil.ebc.com.br\/politica\/noticia\/2023-07\/lula-confirma-viagem-oficial-alemanha-em-dezembro\">Fonte<\/a><\/p>\n","protected":false},"excerpt":{"rendered":"<p>O presidente Luiz In\u00e1cio Lula da Silva manteve um encontro bilateral, nesta ter\u00e7a-feira (18), em Bruxelas, com o chanceler da Alemanha, Olaf Scholz, \u00e0 margem da sess\u00e3o plen\u00e1ria da C\u00fapula da Comunidade de Estados Latino-americanos e Caribenhos (Celac) e da Uni\u00e3o Europeia (UE). Na reuni\u00e3o, Scholz convidou Lula para uma segunda reuni\u00e3o de consultas intergovernamentais [&hellip;]<\/p>\n","protected":false},"author":1,"featured_media":87,"comment_status":"open","ping_status":"open","sticky":false,"template":"","format":"standard","meta":{"footnotes":""},"categories":[9],"tags":[],"_links":{"self":[{"href":"https:\/\/digitalizandosites.com.br\/noticias03\/wp-json\/wp\/v2\/posts\/86"}],"collection":[{"href":"https:\/\/digitalizandosites.com.br\/noticias03\/wp-json\/wp\/v2\/posts"}],"about":[{"href":"https:\/\/digitalizandosites.com.br\/noticias03\/wp-json\/wp\/v2\/types\/post"}],"author":[{"embeddable":true,"href":"https:\/\/digitalizandosites.com.br\/noticias03\/wp-json\/wp\/v2\/users\/1"}],"replies":[{"embeddable":true,"href":"https:\/\/digitalizandosites.com.br\/noticias03\/wp-json\/wp\/v2\/comments?post=86"}],"version-history":[{"count":1,"href":"https:\/\/digitalizandosites.com.br\/noticias03\/wp-json\/wp\/v2\/posts\/86\/revisions"}],"predecessor-version":[{"id":12678,"href":"https:\/\/digitalizandosites.com.br\/noticias03\/wp-json\/wp\/v2\/posts\/86\/revisions\/12678"}],"wp:featuredmedia":[{"embeddable":true,"href":"https:\/\/digitalizandosites.com.br\/noticias03\/wp-json\/wp\/v2\/media\/87"}],"wp:attachment":[{"href":"https:\/\/digitalizandosites.com.br\/noticias03\/wp-json\/wp\/v2\/media?parent=86"}],"wp:term":[{"taxonomy":"category","embeddable":true,"href":"https:\/\/digitalizandosites.com.br\/noticias03\/wp-json\/wp\/v2\/categories?post=86"},{"taxonomy":"post_tag","embeddable":true,"href":"https:\/\/digitalizandosites.com.br\/noticias03\/wp-json\/wp\/v2\/tags?post=86"}],"curies":[{"name":"wp","href":"https:\/\/api.w.org\/{rel}","templated":true}]}}