{"id":85,"date":"2023-07-19T05:43:15","date_gmt":"2023-07-19T05:43:15","guid":{"rendered":"https:\/\/noticias.webunitystudio.site\/modelo23\/acordo-mercosul-uniao-europeia-pode-ser-tema-da-cupula-de-bruxelas\/"},"modified":"2024-03-15T18:03:31","modified_gmt":"2024-03-15T18:03:31","slug":"acordo-mercosul-uniao-europeia-pode-ser-tema-da-cupula-de-bruxelas","status":"publish","type":"post","link":"https:\/\/digitalizandosites.com.br\/noticias03\/acordo-mercosul-uniao-europeia-pode-ser-tema-da-cupula-de-bruxelas\/","title":{"rendered":"Acordo Mercosul-Uni\u00e3o Europeia pode ser tema da c\u00fapula de Bruxelas &#8211; Artigo de Exemplo"},"content":{"rendered":"<p><\/p>\n<div>\n<p>L\u00edderes pol\u00edticos de 60 pa\u00edses-membros da Comunidade dos Estados Latino-Americanos e Caribenhos (Celac) e da Uni\u00e3o Europeia re\u00fanem-se, a partir de segunda-feira (17), em Bruxelas, para discutir temas de interesse comum dos blocos. Chefiada pelo presidente Luiz In\u00e1cio Lula da Silva, a delega\u00e7\u00e3o brasileira levar\u00e1 ao encontro propostas de est\u00edmulo \u00e0 coopera\u00e7\u00e3o m\u00fatua nas \u00e1reas ambiental, energ\u00e9tica e de defesa, al\u00e9m do combate \u00e0 fome e aos crimes transnacionais.<img decoding=\"async\" src=\"data:image\/gif;base64,R0lGODlhAQABAAAAACH5BAEKAAEALAAAAAABAAEAAAICTAEAOw==\" data-src=\"https:\/\/agenciabrasil.ebc.com.br\/ebc.png?id=1543638&amp;o=node\" class=\"lazyload\" style=\"width:1px; height:1px; display:inline;\"\/><img decoding=\"async\" src=\"data:image\/gif;base64,R0lGODlhAQABAAAAACH5BAEKAAEALAAAAAABAAEAAAICTAEAOw==\" data-src=\"https:\/\/agenciabrasil.ebc.com.br\/ebc.gif?id=1543638&amp;o=node\" class=\"lazyload\" style=\"width:1px; height:1px; display:inline;\"\/><\/p>\n<p>Embora n\u00e3o figure entre os principais temas da 3\u00aa C\u00fapula Celac-Uni\u00e3o Europeia, as negocia\u00e7\u00f5es para conclus\u00e3o do acordo de livre-com\u00e9rcio entre os pa\u00edses do bloco europeu e do Mercosul (Argentina, Brasil, Paraguai e Uruguai) podem ser objeto das conversas. Segundo o Itamaraty, Lula levar\u00e1 ao evento o <a href=\"https:\/\/agenciabrasil.ebc.com.br\/internacional\/noticia\/2023-06\/inaceitavel-diz-lula-sobre-proposta-da-ue-para-acordo-com-mercosul\" target=\"_blank\" rel=\"noopener\">posicionamento brasileiro<\/a> em rela\u00e7\u00e3o \u00e0s \u00faltimas exig\u00eancias do bloco europeu para aprovar a assinatura do tratado \u2013 que incluem, entre outras coisas, a previs\u00e3o de multas em caso de descumprimento de obriga\u00e7\u00f5es ambientais.<\/p>\n<p>\u201cEste \u00e9 um assunto que est\u00e1 sempre na ordem do dia e que deve ser abordado em Bruxelas\u201d, afirmou o diretor do Departamento de Pol\u00edtica Econ\u00f4mica, Financeira e de Servi\u00e7os do Minist\u00e9rio das Rela\u00e7\u00f5es Exteriores, Philip Fox-Drummond Gough, em entrevista coletiva nesta quinta-feira (13).<\/p>\n<p>Segundo o embaixador, nos \u00faltimos meses, a Casa Civil da Presid\u00eancia da Rep\u00fablica organizou v\u00e1rias reuni\u00f5es, que contaram com a participa\u00e7\u00e3o de representantes de diversos minist\u00e9rios e \u00f3rg\u00e3os de governo, para esbo\u00e7ar uma sugest\u00e3o de resposta brasileira \u00e0 proposta europeia. \u201cA sugest\u00e3o est\u00e1 tecnicamente pronta, e nossa inten\u00e7\u00e3o \u00e9 envi\u00e1-la [aos demais pa\u00edses do Mercosul] nos pr\u00f3ximos dias\u201d, declarou Gough, sem fornecer detalhes da posi\u00e7\u00e3o brasileira.<\/p>\n<p>\u201cO que posso adiantar \u00e9 que a nossa resposta vai ter foco no conceito de desenvolvimento sustent\u00e1vel\u201d, acrescentou Gough, admitindo que a vers\u00e3o final da resposta, com eventuais acr\u00e9scimos e reparos feitos por Argentina, Paraguai e Uruguai, s\u00f3 deve ser apresentada ao bloco europeu ap\u00f3s o t\u00e9rmino da c\u00fapula, que se encerra na ter\u00e7a-feira (18). \u201cEstamos s\u00f3 aguardando a autoriza\u00e7\u00e3o para enviar [a sugest\u00e3o brasileira de posicionamento] aos demais s\u00f3cios do Mercosul. A\u00ed teremos que ver quanto tempo v\u00e3o demorar as pr\u00f3ximas fases, especialmente a pr\u00f3xima, que \u00e9 a discuss\u00e3o [da sugest\u00e3o brasileira] com os demais pa\u00edses do Mercosul. Estamos prevendo reuni\u00f5es e videoconfer\u00eancias para examinar os detalhes. Nossa expectativa \u00e9 que, em algumas poucas semanas, possamos passar este documento para o lado europeu.\u201d<\/p>\n<h2>Reuni\u00f5es<\/h2>\n<p>Embora ainda n\u00e3o esteja fechada, a agenda do presidente Lula prev\u00ea reuni\u00f5es e encontros com l\u00edderes pol\u00edticos e empresariais europeus. De acordo com a secret\u00e1ria de Europa e Am\u00e9rica do Norte do Itamaraty, Maria Luisa Escorel de Moraes, o minist\u00e9rio recebeu uma \u201cprofus\u00e3o de pedidos de reuni\u00f5es bilaterais\u201d.<\/p>\n<p>O chefe do governo brasileiro ter\u00e1 encontros com o rei da B\u00e9lgica, Philippe L\u00e9opold Louis Marie, e com o primeiro-ministro do pa\u00eds anfitri\u00e3o, Alexandre De Croo. Tamb\u00e9m j\u00e1 foram confirmados compromissos com os representantes da \u00c1ustria e da Su\u00e9cia.<\/p>\n<p>Al\u00e9m disso, a convite do presidente do Partido Socialista Europeu e ex-primeiro-ministro da Su\u00e9cia, Stephan L\u00f6fven, Lula participar\u00e1 de um caf\u00e9 da manh\u00e3 com um grupo autodenominado \u201cl\u00edderes progressistas\u201d. Segundo o Itamaraty, integram o grupo os presidentes da Argentina, do Chile, da Col\u00f4mbia, da Rep\u00fablica Dominicana, da Alemanha, da Dinamarca e da Espanha, al\u00e9m do primeiro-ministro Portugal, Ant\u00f4nio Costa. \u201cVai ser um encontro, uma troca de ideias, mas n\u00e3o sabemos exatamente qual a pauta. Certamente, h\u00e1 muitos assuntos e interesses em comum\u201d, explicitou Maria Luisa.<\/p>\n<p>\u201cA Celac e a Uni\u00e3o Europeia t\u00eam in\u00fameras afinidades em termos de princ\u00edpios, valores, objetivos e de interesses. Interesses comerciais \u00e9 um deles, obviamente, mas h\u00e1 tamb\u00e9m o interesse em coopera\u00e7\u00e3o nas \u00e1reas ambiental, da transi\u00e7\u00e3o energ\u00e9tica, da agenda digital, sa\u00fade e na quest\u00e3o do multilateralismo, enfim, em uma s\u00e9rie de temas\u201d, afirmou a embaixadora, classificando a 3\u00aa C\u00fapula Celac-Uni\u00e3o Europeia como um \u201cmomento muito prop\u00edcio para a diversifica\u00e7\u00e3o do di\u00e1logo\u201d. O evento n\u00e3o ocorria desde 2015.<\/p>\n<\/p><\/div>\n<p><a href=\"https:\/\/agenciabrasil.ebc.com.br\/internacional\/noticia\/2023-07\/acordo-mercosul-uniao-europeia-pode-ser-tema-da-cupula-de-bruxelas\">Fonte<\/a><\/p>\n","protected":false},"excerpt":{"rendered":"<p>L\u00edderes pol\u00edticos de 60 pa\u00edses-membros da Comunidade dos Estados Latino-Americanos e Caribenhos (Celac) e da Uni\u00e3o Europeia re\u00fanem-se, a partir de segunda-feira (17), em Bruxelas, para discutir temas de interesse comum dos blocos. Chefiada pelo presidente Luiz In\u00e1cio Lula da Silva, a delega\u00e7\u00e3o brasileira levar\u00e1 ao encontro propostas de est\u00edmulo \u00e0 coopera\u00e7\u00e3o m\u00fatua nas \u00e1reas [&hellip;]<\/p>\n","protected":false},"author":1,"featured_media":34,"comment_status":"open","ping_status":"open","sticky":false,"template":"","format":"standard","meta":{"footnotes":""},"categories":[8],"tags":[],"_links":{"self":[{"href":"https:\/\/digitalizandosites.com.br\/noticias03\/wp-json\/wp\/v2\/posts\/85"}],"collection":[{"href":"https:\/\/digitalizandosites.com.br\/noticias03\/wp-json\/wp\/v2\/posts"}],"about":[{"href":"https:\/\/digitalizandosites.com.br\/noticias03\/wp-json\/wp\/v2\/types\/post"}],"author":[{"embeddable":true,"href":"https:\/\/digitalizandosites.com.br\/noticias03\/wp-json\/wp\/v2\/users\/1"}],"replies":[{"embeddable":true,"href":"https:\/\/digitalizandosites.com.br\/noticias03\/wp-json\/wp\/v2\/comments?post=85"}],"version-history":[{"count":1,"href":"https:\/\/digitalizandosites.com.br\/noticias03\/wp-json\/wp\/v2\/posts\/85\/revisions"}],"predecessor-version":[{"id":12679,"href":"https:\/\/digitalizandosites.com.br\/noticias03\/wp-json\/wp\/v2\/posts\/85\/revisions\/12679"}],"wp:featuredmedia":[{"embeddable":true,"href":"https:\/\/digitalizandosites.com.br\/noticias03\/wp-json\/wp\/v2\/media\/34"}],"wp:attachment":[{"href":"https:\/\/digitalizandosites.com.br\/noticias03\/wp-json\/wp\/v2\/media?parent=85"}],"wp:term":[{"taxonomy":"category","embeddable":true,"href":"https:\/\/digitalizandosites.com.br\/noticias03\/wp-json\/wp\/v2\/categories?post=85"},{"taxonomy":"post_tag","embeddable":true,"href":"https:\/\/digitalizandosites.com.br\/noticias03\/wp-json\/wp\/v2\/tags?post=85"}],"curies":[{"name":"wp","href":"https:\/\/api.w.org\/{rel}","templated":true}]}}