{"id":83,"date":"2023-07-19T05:43:11","date_gmt":"2023-07-19T05:43:11","guid":{"rendered":"https:\/\/noticias.webunitystudio.site\/modelo23\/paz-depende-dos-acontecimentos-na-ucrania-diz-embaixador-da-turquia\/"},"modified":"2024-03-15T18:03:33","modified_gmt":"2024-03-15T18:03:33","slug":"paz-depende-dos-acontecimentos-na-ucrania-diz-embaixador-da-turquia","status":"publish","type":"post","link":"https:\/\/digitalizandosites.com.br\/noticias03\/paz-depende-dos-acontecimentos-na-ucrania-diz-embaixador-da-turquia\/","title":{"rendered":"Paz depende dos acontecimentos na Ucr\u00e2nia, diz embaixador da Turquia &#8211; Artigo de Exemplo"},"content":{"rendered":"<p><\/p>\n<div>\n<p>Como a proposta do governo brasileiro para intermediar a paz e colocar fim na guerra entre a R\u00fassia e a Ucr\u00e2nia, existem v\u00e1rias outras tentativas de intermedia\u00e7\u00e3o do conflito, disse nesta sexta-feira (14) o embaixador da Turquia no Brasil, Halil Ibrahim Ak\u00e7a, na solenidade do anivers\u00e1rio da tentativa fracassada de golpe ao Estado na Turquia, em 15 de julho de 2016.<img decoding=\"async\" src=\"data:image\/gif;base64,R0lGODlhAQABAAAAACH5BAEKAAEALAAAAAABAAEAAAICTAEAOw==\" data-src=\"https:\/\/agenciabrasil.ebc.com.br\/ebc.png?id=1543994&amp;o=node\" class=\"lazyload\" style=\"width:1px; height:1px; display:inline;\"\/><img decoding=\"async\" src=\"data:image\/gif;base64,R0lGODlhAQABAAAAACH5BAEKAAEALAAAAAABAAEAAAICTAEAOw==\" data-src=\"https:\/\/agenciabrasil.ebc.com.br\/ebc.gif?id=1543994&amp;o=node\" class=\"lazyload\" style=\"width:1px; height:1px; display:inline;\"\/><\/p>\n<p>\u201cExistem as tentativas da China, de pa\u00edses africanos, da pr\u00f3pria Ucr\u00e2nia e, tamb\u00e9m, a oferta turca, entre outras\u201d, disse o embaixador em entrevista coletiva na solenidade.<\/p>\n<p>O embaixador entende que a chance de alguma das media\u00e7\u00f5es de paz ser exitosa depender\u00e1 do que ocorre no territ\u00f3rio ucraniano, em cada momento do confronto. \u201cO sucesso das tentativas \u00e9 influenciado pelo andamento do que acontece no campo [de batalha, entre R\u00fassia e Ucr\u00e2nia] e, ainda, se [as tentativas] ocorrem na hora certa, em um determinado momento [certo]. Acho que tudo caminha junto com o que est\u00e1 ocorrendo l\u00e1, no terreno do conflito mesmo\u201d.<\/p>\n<p>Halil Ibrahim Ak\u00e7a externou, em entrevista coletiva, em Bras\u00edlia, que a pr\u00f3pria Turquia tentou criar pontes para solucionar a quest\u00e3o. \u201cLogo nos primeiros dias [da guerra], a Turquia tentou ser mediadora, mas com o caminhar da situa\u00e7\u00e3o, o cen\u00e1rio mudou. Por isso, n\u00e3o posso comentar o timing da tentativa brasileira\u201d.<\/p>\n<p>Sobre a possibilidade do envio de uma miss\u00e3o de paz ou cria\u00e7\u00e3o de um grupo de na\u00e7\u00f5es neutras para tentar facilitar as negocia\u00e7\u00f5es para p\u00f4r fim ao conflito entre Ucr\u00e2nia e R\u00fassia, conforme <a href=\"https:\/\/agenciabrasil.ebc.com.br\/internacional\/noticia\/2023-02\/lula-reforca-sugestao-de-grupo-para-negociar-fim-da-guerra-na-ucrania\" target=\"_blank\" rel=\"noopener\">proposta do presidente Luiz In\u00e1cio Lula Silva<\/a>, o embaixador n\u00e3o quis se posicionar, por n\u00e3o conhecer o desenrolar de outros fatos pertinentes \u00e0 guerra. \u201cEu n\u00e3o sei, porque depois da oferta brasileira, houveram outros andamentos e n\u00e3o posso dizer como andam os di\u00e1logos\u201d.<\/p>\n<h2>Otan<\/h2>\n<p>Halil Ibrahim Ak\u00e7a avaliou que a recente mudan\u00e7a de decis\u00e3o do presidente da Turquia, Recep Tayyip Erdogan, de aceitar a Su\u00e9cia na Organiza\u00e7\u00e3o do Tratado do Atl\u00e2ntico Norte (Otan) se deve a mudan\u00e7as promovidas na legisla\u00e7\u00e3o sueca para n\u00e3o abrigar terroristas em seu pa\u00eds.<\/p>\n<p>\u201cA conversa girava em torno de mudar as leis da Su\u00e9cia, que inclusive foram mudadas agora, em parte da Constitui\u00e7\u00e3o deles. Apesar de n\u00e3o ser suficiente, a Su\u00e9cia tomou algumas a\u00e7\u00f5es que ajudam na luta contra o terrorismo. O presidente Erdogan enviar\u00e1 ao parlamento turco os documentos para ratificar a ades\u00e3o da Su\u00e9cia \u00e0 Otan&#8221;, informou o embaixador.<\/p>\n<p>\u201cAgora, essa proposta ainda tem que ser aprovada pelo parlamento turco. E essa aprova\u00e7\u00e3o deve demorar alguns meses\u201d.<\/p>\n<h2>Golpe<\/h2>\n<p>A conversa com jornalistas e uma exposi\u00e7\u00e3o de fotografias marcam o s\u00e9timo anivers\u00e1rio da tentativa fracassada de golpe ao Estado na Turquia, em 15 de julho de 2016. Naquela noite, fac\u00e7\u00f5es das For\u00e7as Armadas do pa\u00eds tentaram derrubar o presidente Recep Tayyip Erdogan e o governo do primeiro-ministro Binali Y\u0131ld\u0131r\u0131m.<\/p>\n<p>\u00c0 \u00e9poca, pr\u00e9dios do governo da Turquia, como a Assembleia Nacional e o Complexo Presidencial, foram bombardeados e os militares conseguiram controlar locais estrat\u00e9gicos, mas, de acordo com embaixador, o golpe falhou porque teria havido forte rejei\u00e7\u00e3o dos cidad\u00e3os \u00e0 tentativa de golpe.<\/p>\n<p>No conflito, 251 pessoas morreram e 2 mil ficaram feridas. Atualmente, o 15 de julho \u00e9 celebrado o Dia da Democracia e da Unidade Nacional da Turquia.<\/p>\n<\/p><\/div>\n<p><a href=\"https:\/\/agenciabrasil.ebc.com.br\/internacional\/noticia\/2023-07\/paz-depende-dos-acontecimentos-na-ucrania-diz-embaixador-da-turquia\">Fonte<\/a><\/p>\n","protected":false},"excerpt":{"rendered":"<p>Como a proposta do governo brasileiro para intermediar a paz e colocar fim na guerra entre a R\u00fassia e a Ucr\u00e2nia, existem v\u00e1rias outras tentativas de intermedia\u00e7\u00e3o do conflito, disse nesta sexta-feira (14) o embaixador da Turquia no Brasil, Halil Ibrahim Ak\u00e7a, na solenidade do anivers\u00e1rio da tentativa fracassada de golpe ao Estado na Turquia, [&hellip;]<\/p>\n","protected":false},"author":1,"featured_media":84,"comment_status":"open","ping_status":"open","sticky":false,"template":"","format":"standard","meta":{"footnotes":""},"categories":[8],"tags":[],"_links":{"self":[{"href":"https:\/\/digitalizandosites.com.br\/noticias03\/wp-json\/wp\/v2\/posts\/83"}],"collection":[{"href":"https:\/\/digitalizandosites.com.br\/noticias03\/wp-json\/wp\/v2\/posts"}],"about":[{"href":"https:\/\/digitalizandosites.com.br\/noticias03\/wp-json\/wp\/v2\/types\/post"}],"author":[{"embeddable":true,"href":"https:\/\/digitalizandosites.com.br\/noticias03\/wp-json\/wp\/v2\/users\/1"}],"replies":[{"embeddable":true,"href":"https:\/\/digitalizandosites.com.br\/noticias03\/wp-json\/wp\/v2\/comments?post=83"}],"version-history":[{"count":1,"href":"https:\/\/digitalizandosites.com.br\/noticias03\/wp-json\/wp\/v2\/posts\/83\/revisions"}],"predecessor-version":[{"id":12680,"href":"https:\/\/digitalizandosites.com.br\/noticias03\/wp-json\/wp\/v2\/posts\/83\/revisions\/12680"}],"wp:featuredmedia":[{"embeddable":true,"href":"https:\/\/digitalizandosites.com.br\/noticias03\/wp-json\/wp\/v2\/media\/84"}],"wp:attachment":[{"href":"https:\/\/digitalizandosites.com.br\/noticias03\/wp-json\/wp\/v2\/media?parent=83"}],"wp:term":[{"taxonomy":"category","embeddable":true,"href":"https:\/\/digitalizandosites.com.br\/noticias03\/wp-json\/wp\/v2\/categories?post=83"},{"taxonomy":"post_tag","embeddable":true,"href":"https:\/\/digitalizandosites.com.br\/noticias03\/wp-json\/wp\/v2\/tags?post=83"}],"curies":[{"name":"wp","href":"https:\/\/api.w.org\/{rel}","templated":true}]}}