{"id":79,"date":"2023-07-19T05:43:01","date_gmt":"2023-07-19T05:43:01","guid":{"rendered":"https:\/\/noticias.webunitystudio.site\/modelo23\/acordo-de-graos-do-mar-negro-expira-hoje-apos-suspensao-da-russia\/"},"modified":"2024-03-15T18:03:38","modified_gmt":"2024-03-15T18:03:38","slug":"acordo-de-graos-do-mar-negro-expira-hoje-apos-suspensao-da-russia","status":"publish","type":"post","link":"https:\/\/digitalizandosites.com.br\/noticias03\/acordo-de-graos-do-mar-negro-expira-hoje-apos-suspensao-da-russia\/","title":{"rendered":"Acordo de gr\u00e3os do Mar Negro expira hoje ap\u00f3s suspens\u00e3o da R\u00fassia &#8211; Artigo de Exemplo"},"content":{"rendered":"<p><\/p>\n<div>\n<p>Um pacto que permitiu a exporta\u00e7\u00e3o segura de gr\u00e3os da Ucr\u00e2nia pelo Mar Negro no \u00faltimo ano expirar\u00e1 no final desta segunda-feira (17), depois que a R\u00fassia disse que suspender\u00e1 sua participa\u00e7\u00e3o.<img decoding=\"async\" src=\"data:image\/gif;base64,R0lGODlhAQABAAAAACH5BAEKAAEALAAAAAABAAEAAAICTAEAOw==\" data-src=\"https:\/\/agenciabrasil.ebc.com.br\/ebc.png?id=1544145&amp;o=node\" class=\"lazyload\" style=\"width:1px; height:1px; display:inline;\"\/><img decoding=\"async\" src=\"data:image\/gif;base64,R0lGODlhAQABAAAAACH5BAEKAAEALAAAAAABAAEAAAICTAEAOw==\" data-src=\"https:\/\/agenciabrasil.ebc.com.br\/ebc.gif?id=1544145&amp;o=node\" class=\"lazyload\" style=\"width:1px; height:1px; display:inline;\"\/><\/p>\n<p>O acordo, negociado pelas Na\u00e7\u00f5es Unidas e pela Turquia em julho passado, visava aliviar uma crise global de alimentos, permitindo que os gr\u00e3os ucranianos bloqueados pelo conflito R\u00fassia &#8211; Ucr\u00e2nia fossem exportados com seguran\u00e7a.<\/p>\n<p>O \u00faltimo navio deixou a Ucr\u00e2nia sob o acordo no domingo (16). A invas\u00e3o da R\u00fassia em fevereiro de 2022 e o bloqueio dos portos ucranianos do Mar Negro fizeram disparar os pre\u00e7os globais dos gr\u00e3os. Ucr\u00e2nia e R\u00fassia est\u00e3o entre os maiores exportadores de gr\u00e3os do mundo.<\/p>\n<p>Quase 33 milh\u00f5es de toneladas m\u00e9tricas de milho, trigo e outros gr\u00e3os foram exportados pela Ucr\u00e2nia sob o acordo.<\/p>\n<p>A R\u00fassia notificou formalmente a Ucr\u00e2nia, por meio da embaixada russa em Minsk, que estava suspendendo sua participa\u00e7\u00e3o no acordo de gr\u00e3os do Mar Negro.<\/p>\n<p>O porta-voz do Kremlin, Dmitry Peskov, disse a rep\u00f3rteres nesta segunda-feira que os acordos do Mar Negro deixaram de ser v\u00e1lidos hoje.<\/p>\n<p>&#8220;Infelizmente, a parte desses acordos do Mar Negro em rela\u00e7\u00e3o \u00e0 R\u00fassia n\u00e3o foi implementada at\u00e9 agora, ent\u00e3o seu efeito foi encerrado&#8221;, afirmou.<\/p>\n<p>Ele disse que a decis\u00e3o de n\u00e3o renovar o acordo n\u00e3o est\u00e1 relacionada a um ataque noturno na ponte entre a R\u00fassia e a Crimeia, que ele chamou de &#8220;ato terrorista&#8221; e culpou a Ucr\u00e2nia.<\/p>\n<p>Os militares ucranianos sugeriram que o ataque poderia ser algum tipo de provoca\u00e7\u00e3o da pr\u00f3pria R\u00fassia, mas a m\u00eddia ucraniana informou, citando fontes n\u00e3o identificadas, que o Servi\u00e7o de Seguran\u00e7a da Ucr\u00e2nia estava por tr\u00e1s do incidente.<\/p>\n<p>A R\u00fassia amea\u00e7ou sair do pacto porque suas demandas para melhorar suas pr\u00f3prias exporta\u00e7\u00f5es de gr\u00e3os e fertilizantes n\u00e3o foram atendidas. A R\u00fassia tamb\u00e9m reclamou que n\u00e3o chegavam gr\u00e3os suficientes aos pa\u00edses pobres. As Na\u00e7\u00f5es Unidas argumentaram que o acordo beneficiou esses Estados, ajudando a reduzir os pre\u00e7os dos alimentos em mais de 20% globalmente.<\/p>\n<p>&#8220;Assim que a parte russa dos acordos for cumprida, o lado russo retornar\u00e1 \u00e0 implementa\u00e7\u00e3o deste acordo, imediatamente&#8221;, acrescentou Peskov.<\/p>\n<p>A Alemanha continua apelando \u00e0 R\u00fassia para tornar poss\u00edvel uma extens\u00e3o do acordo de gr\u00e3os do Mar Negro com a Ucr\u00e2nia, disse um porta-voz do governo em Berlim.<\/p>\n<\/p><\/div>\n<p><a href=\"https:\/\/agenciabrasil.ebc.com.br\/internacional\/noticia\/2023-07\/acordo-de-graos-do-mar-negro-expira-hoje-apos-suspensao-da-russia\">Fonte<\/a><\/p>\n","protected":false},"excerpt":{"rendered":"<p>Um pacto que permitiu a exporta\u00e7\u00e3o segura de gr\u00e3os da Ucr\u00e2nia pelo Mar Negro no \u00faltimo ano expirar\u00e1 no final desta segunda-feira (17), depois que a R\u00fassia disse que suspender\u00e1 sua participa\u00e7\u00e3o. O acordo, negociado pelas Na\u00e7\u00f5es Unidas e pela Turquia em julho passado, visava aliviar uma crise global de alimentos, permitindo que os gr\u00e3os [&hellip;]<\/p>\n","protected":false},"author":1,"featured_media":80,"comment_status":"open","ping_status":"open","sticky":false,"template":"","format":"standard","meta":{"footnotes":""},"categories":[8],"tags":[],"_links":{"self":[{"href":"https:\/\/digitalizandosites.com.br\/noticias03\/wp-json\/wp\/v2\/posts\/79"}],"collection":[{"href":"https:\/\/digitalizandosites.com.br\/noticias03\/wp-json\/wp\/v2\/posts"}],"about":[{"href":"https:\/\/digitalizandosites.com.br\/noticias03\/wp-json\/wp\/v2\/types\/post"}],"author":[{"embeddable":true,"href":"https:\/\/digitalizandosites.com.br\/noticias03\/wp-json\/wp\/v2\/users\/1"}],"replies":[{"embeddable":true,"href":"https:\/\/digitalizandosites.com.br\/noticias03\/wp-json\/wp\/v2\/comments?post=79"}],"version-history":[{"count":1,"href":"https:\/\/digitalizandosites.com.br\/noticias03\/wp-json\/wp\/v2\/posts\/79\/revisions"}],"predecessor-version":[{"id":12682,"href":"https:\/\/digitalizandosites.com.br\/noticias03\/wp-json\/wp\/v2\/posts\/79\/revisions\/12682"}],"wp:featuredmedia":[{"embeddable":true,"href":"https:\/\/digitalizandosites.com.br\/noticias03\/wp-json\/wp\/v2\/media\/80"}],"wp:attachment":[{"href":"https:\/\/digitalizandosites.com.br\/noticias03\/wp-json\/wp\/v2\/media?parent=79"}],"wp:term":[{"taxonomy":"category","embeddable":true,"href":"https:\/\/digitalizandosites.com.br\/noticias03\/wp-json\/wp\/v2\/categories?post=79"},{"taxonomy":"post_tag","embeddable":true,"href":"https:\/\/digitalizandosites.com.br\/noticias03\/wp-json\/wp\/v2\/tags?post=79"}],"curies":[{"name":"wp","href":"https:\/\/api.w.org\/{rel}","templated":true}]}}