{"id":77,"date":"2023-07-19T05:42:55","date_gmt":"2023-07-19T05:42:55","guid":{"rendered":"https:\/\/noticias.webunitystudio.site\/modelo23\/lula-encontra-liderancas-progressistas-latino-americanas-e-europeias\/"},"modified":"2024-03-15T18:03:40","modified_gmt":"2024-03-15T18:03:40","slug":"lula-encontra-liderancas-progressistas-latino-americanas-e-europeias","status":"publish","type":"post","link":"https:\/\/digitalizandosites.com.br\/noticias03\/lula-encontra-liderancas-progressistas-latino-americanas-e-europeias\/","title":{"rendered":"Lula encontra lideran\u00e7as progressistas latino-americanas e europeias &#8211; Artigo de Exemplo"},"content":{"rendered":"<p><\/p>\n<div>\n<p>O presidente Luiz In\u00e1cio Lula da Silva participou, nesta ter\u00e7a-feira (18), de um caf\u00e9 da manh\u00e3 com lideran\u00e7as progressistas e democratas latino americanas e europeias em Bruxelas, capital da B\u00e9lgica. Organizado pelo ex-primeiro ministro da Su\u00e9cia Stefan L\u00f6fven, o encontro ocorre em paralelo \u00e0 3\u00aa C\u00fapula Celac-Uni\u00e3o Europeia.<img decoding=\"async\" src=\"data:image\/gif;base64,R0lGODlhAQABAAAAACH5BAEKAAEALAAAAAABAAEAAAICTAEAOw==\" data-src=\"https:\/\/agenciabrasil.ebc.com.br\/ebc.png?id=1544284&amp;o=node\" class=\"lazyload\" style=\"width:1px; height:1px; display:inline;\"\/><img decoding=\"async\" src=\"data:image\/gif;base64,R0lGODlhAQABAAAAACH5BAEKAAEALAAAAAABAAEAAAICTAEAOw==\" data-src=\"https:\/\/agenciabrasil.ebc.com.br\/ebc.gif?id=1544284&amp;o=node\" class=\"lazyload\" style=\"width:1px; height:1px; display:inline;\"\/><\/p>\n<p>Celac \u00e9 a Comunidade de Estados Latino-americanos e Caribenhos. Ao final do encontro, os 60 l\u00edderes participantes do encontro devem publicar uma declara\u00e7\u00e3o conjunta sobre os avan\u00e7os obtidos durante as reuni\u00f5es. As negocia\u00e7\u00f5es visando um acordo entre Mercosul e Uni\u00e3o Europeia prosseguem em reuni\u00f5es bilaterais.<\/p>\n<p>Entre os temas discutidos durante o caf\u00e9 da manh\u00e3 organizado por L\u00f6fven est\u00e3o defesa da democracia, combate \u00e0 desigualdade, promo\u00e7\u00e3o do bem-estar social, respeito aos direitos humanos, a\u00e7\u00f5es pelo clima e meio ambiente. Temas que, segundo o Planalto, representam pontos de interesse comum, entre os participantes.<\/p>\n<p>O encontro reuniu, al\u00e9m do presidente Lula, Alberto Fern\u00e1ndez (Argentina), Gabriel Boric (Chile), Gustavo Petro (Col\u00f4mbia), o primeiro-ministro de Portugal, Ant\u00f3nio Costa, a primeira-ministra da Dinamarca, Mette Fredricksen, o chanceler da Alemanha, Olaf Scholz, e o presidente do governo da Espanha, Pedro S\u00e1nchez, entre outros. O governo do M\u00e9xico foi representado pela secret\u00e1ria de Rela\u00e7\u00f5es Exteriores, Al\u00edcia Barcena.<\/p>\n<\/p><\/div>\n<p><a href=\"https:\/\/agenciabrasil.ebc.com.br\/internacional\/noticia\/2023-07\/lula-encontra-liderancas-progressistas-latino-americanas-e-europeias\">Fonte<\/a><\/p>\n","protected":false},"excerpt":{"rendered":"<p>O presidente Luiz In\u00e1cio Lula da Silva participou, nesta ter\u00e7a-feira (18), de um caf\u00e9 da manh\u00e3 com lideran\u00e7as progressistas e democratas latino americanas e europeias em Bruxelas, capital da B\u00e9lgica. Organizado pelo ex-primeiro ministro da Su\u00e9cia Stefan L\u00f6fven, o encontro ocorre em paralelo \u00e0 3\u00aa C\u00fapula Celac-Uni\u00e3o Europeia. Celac \u00e9 a Comunidade de Estados Latino-americanos [&hellip;]<\/p>\n","protected":false},"author":1,"featured_media":78,"comment_status":"open","ping_status":"open","sticky":false,"template":"","format":"standard","meta":{"footnotes":""},"categories":[8],"tags":[],"_links":{"self":[{"href":"https:\/\/digitalizandosites.com.br\/noticias03\/wp-json\/wp\/v2\/posts\/77"}],"collection":[{"href":"https:\/\/digitalizandosites.com.br\/noticias03\/wp-json\/wp\/v2\/posts"}],"about":[{"href":"https:\/\/digitalizandosites.com.br\/noticias03\/wp-json\/wp\/v2\/types\/post"}],"author":[{"embeddable":true,"href":"https:\/\/digitalizandosites.com.br\/noticias03\/wp-json\/wp\/v2\/users\/1"}],"replies":[{"embeddable":true,"href":"https:\/\/digitalizandosites.com.br\/noticias03\/wp-json\/wp\/v2\/comments?post=77"}],"version-history":[{"count":1,"href":"https:\/\/digitalizandosites.com.br\/noticias03\/wp-json\/wp\/v2\/posts\/77\/revisions"}],"predecessor-version":[{"id":12683,"href":"https:\/\/digitalizandosites.com.br\/noticias03\/wp-json\/wp\/v2\/posts\/77\/revisions\/12683"}],"wp:featuredmedia":[{"embeddable":true,"href":"https:\/\/digitalizandosites.com.br\/noticias03\/wp-json\/wp\/v2\/media\/78"}],"wp:attachment":[{"href":"https:\/\/digitalizandosites.com.br\/noticias03\/wp-json\/wp\/v2\/media?parent=77"}],"wp:term":[{"taxonomy":"category","embeddable":true,"href":"https:\/\/digitalizandosites.com.br\/noticias03\/wp-json\/wp\/v2\/categories?post=77"},{"taxonomy":"post_tag","embeddable":true,"href":"https:\/\/digitalizandosites.com.br\/noticias03\/wp-json\/wp\/v2\/tags?post=77"}],"curies":[{"name":"wp","href":"https:\/\/api.w.org\/{rel}","templated":true}]}}