{"id":76,"date":"2023-07-19T05:42:54","date_gmt":"2023-07-19T05:42:54","guid":{"rendered":"https:\/\/noticias.webunitystudio.site\/modelo23\/influencia-de-china-e-russia-incentiva-europa-a-buscar-america-latina\/"},"modified":"2024-03-15T18:03:42","modified_gmt":"2024-03-15T18:03:42","slug":"influencia-de-china-e-russia-incentiva-europa-a-buscar-america-latina","status":"publish","type":"post","link":"https:\/\/digitalizandosites.com.br\/noticias03\/influencia-de-china-e-russia-incentiva-europa-a-buscar-america-latina\/","title":{"rendered":"Influ\u00eancia de China e R\u00fassia incentiva Europa a buscar Am\u00e9rica Latina &#8211; Artigo de Exemplo"},"content":{"rendered":"<p><\/p>\n<div>\n<p>A integra\u00e7\u00e3o entre a Am\u00e9rica Latina e Caribe e a Europa ganhou novo impulso nesta semana com a C\u00fapula entre os pa\u00edses da Uni\u00e3o Europeia e da Comunidade de Estados Latino-Americanos e Caribenhos (Celac) realizada em Bruxelas, na B\u00e9lgica. O \u00faltimo encontro entre os dois blocos regionais havia sido h\u00e1 oito anos, em 2015. \u00a0<img decoding=\"async\" src=\"data:image\/gif;base64,R0lGODlhAQABAAAAACH5BAEKAAEALAAAAAABAAEAAAICTAEAOw==\" data-src=\"https:\/\/agenciabrasil.ebc.com.br\/ebc.png?id=1544369&amp;o=node\" class=\"lazyload\" style=\"width:1px; height:1px; display:inline;\"\/><img decoding=\"async\" src=\"data:image\/gif;base64,R0lGODlhAQABAAAAACH5BAEKAAEALAAAAAABAAEAAAICTAEAOw==\" data-src=\"https:\/\/agenciabrasil.ebc.com.br\/ebc.gif?id=1544369&amp;o=node\" class=\"lazyload\" style=\"width:1px; height:1px; display:inline;\"\/><\/p>\n<p>A c\u00fapula deste ano foi motivada, entre outros fatores, pela guerra na Ucr\u00e2nia e pela crescente influ\u00eancia chinesa no continente latino-americano e caribenho. Pelo lado da Celac, a maior integra\u00e7\u00e3o com o continente europeu \u00e9 importante para promover a industrializa\u00e7\u00e3o de mat\u00e9rias-primas, agregando valor \u00e0s exporta\u00e7\u00f5es da regi\u00e3o, avalia\u00a0o pesquisador do Observat\u00f3rio da Federal do ABC Bruno Fabricio Alcebino da Silva.\u00a0\u00a0\u00a0\u00a0<\/p>\n<p>O especialista destaca que a guerra no leste europeu revelou a vulnerabilidade do continente em rela\u00e7\u00e3o \u00e0 R\u00fassia, levando a Uni\u00e3o Europeia \u201ca acelerar processos de inser\u00e7\u00e3o internacional em regi\u00f5es onde havia perdido terreno, renovando o interesse em estabelecer uma nova agenda com a Am\u00e9rica Latina\u201d.\u00a0Para o especialista em rela\u00e7\u00f5es internacionais, a crescente influ\u00eancia econ\u00f4mica da China na Am\u00e9rica Latina tamb\u00e9m estimulou o reagrupamento dos continentes em torno da c\u00fapula.\u00a0\u00a0<\/p>\n<p>\u201cA C\u00fapula Celac-Uni\u00e3o Europeia pode refletir a crescente import\u00e2ncia de uma ordem mundial multipolar, na qual os pa\u00edses e regi\u00f5es buscam diversificar seus parceiros e fortalecer rela\u00e7\u00f5es fora de seus blocos regionais tradicionais\u201d, explica\u00a0o pesquisador, para quem a c\u00fapula pode institucionalizar as rela\u00e7\u00f5es entre os blocos por meio de encontros regulares. \u00a0<\/p>\n<h2>Nova ordem mundial \u00a0<\/h2>\n<p>O pesquisador Bruno Fabricio Alcebino da Silva destaca que o mundo vive um momento hist\u00f3rico em que pot\u00eancias emergentes, como China e R\u00fassia, est\u00e3o competindo pela influ\u00eancia global com pot\u00eancias tradicionais, como Estados Unidos e Uni\u00e3o Europeia, o que abre oportunidades para o Brasil e demais pa\u00edses latino-americanos. \u00a0<\/p>\n<p>\u201cO Brasil pode explorar sua posi\u00e7\u00e3o como uma economia emergente, com recursos naturais abundantes e uma popula\u00e7\u00e3o diversificada, para atrair investimentos estrangeiros, expandir o com\u00e9rcio e promover a coopera\u00e7\u00e3o em \u00e1reas-chave, como tecnologia, energia e infraestrutura\u201d, opinou. \u00a0<\/p>\n<p>Bruno acrescentou que \u00e9 importante os pa\u00edses atuarem em bloco, como est\u00e3o fazendo por meio da Celac, uma vez que \u201cfortalece a posi\u00e7\u00e3o e a influ\u00eancia dos pa\u00edses latino-americanos diante das pot\u00eancias globais\u201d. \u00a0<\/p>\n<h2>Recursos naturais \u00a0<\/h2>\n<p>Um dos interesses europeus no continente latino-americano e caribenho s\u00e3o os ricos recursos naturais da regi\u00e3o. Os pacotes bilion\u00e1rios dos europeus anunciados na c\u00fapula, ou mesmo antes dela, procuram diversificar as fontes de energia da Europa, avaliou Bruno Fabr\u00edcio. \u00a0<\/p>\n<p>\u201cA disponibilidade de recursos naturais nos pa\u00edses latinos de fato \u00e9 muito atraente para eles. O l\u00edtio, mineral abundante no continente, \u00e9 essencial para a produ\u00e7\u00e3o de componentes eletr\u00f4nicos e as fontes de energia presentes na regi\u00e3o latina despertam forte interesse, como a energia e\u00f3lica, solar e o despontar do hidrog\u00eanio verde. Sem falar da extra\u00e7\u00e3o de petr\u00f3leo com o pr\u00e9-sal e do g\u00e1s natural em grande quantidade e baixo valor como podemos observar com o Gasbol (parceria entre Brasil e Bol\u00edvia)\u201d, explicou.\u00a0<\/p>\n<h2>Industrializa\u00e7\u00e3o<\/h2>\n<p>No programa Conversa com o Presidente desta ter\u00e7a-feira (18), o presidente Luiz In\u00e1cio Lula da Silva, que lidera a comitiva brasileira em Bruxelas, destacou a mudan\u00e7a de postura dos pa\u00edses da Celac\u00a0no encontro desta semana. Lula afirmou que hoje as na\u00e7\u00f5es latino-americanas e caribenhas n\u00e3o se contentam mais em exportar mat\u00e9rias-primas, como l\u00edtio, bauxita, min\u00e9rio de ferro ou ur\u00e2nio. \u00a0<\/p>\n<p>\u201cEsses pa\u00edses n\u00e3o podem exportar min\u00e9rio, eles precisam fazer a transforma\u00e7\u00e3o (dos minerais) no seu pa\u00eds para poder ter ind\u00fastria, para poder gerar emprego, para poder melhorar a capacidade de rentabilidade do pa\u00eds\u201d, afirmou o presidente Lula.\u00a0\u00a0<\/p>\n<p>\u201cAgora, qual \u00e9 o nosso discurso na Uni\u00e3o Europeia? Ent\u00e3o, agora n\u00f3s queremos que voc\u00eas (europeus) financiem a constru\u00e7\u00e3o das f\u00e1bricas que n\u00f3s precisamos para fazer esse processo de transforma\u00e7\u00e3o\u201d, completou Lula, que defendeu que os pa\u00edses mais pobres e que t\u00eam min\u00e9rios usem esse momento hist\u00f3rico para conquistar concess\u00f5es mais robustas dos pa\u00edses mais desenvolvidos.\u00a0\u00a0<\/p>\n<\/p><\/div>\n<p><a href=\"https:\/\/agenciabrasil.ebc.com.br\/internacional\/noticia\/2023-07\/influencia-de-china-e-russia-incentiva-europa-buscar-america-latina\">Fonte<\/a><\/p>\n","protected":false},"excerpt":{"rendered":"<p>A integra\u00e7\u00e3o entre a Am\u00e9rica Latina e Caribe e a Europa ganhou novo impulso nesta semana com a C\u00fapula entre os pa\u00edses da Uni\u00e3o Europeia e da Comunidade de Estados Latino-Americanos e Caribenhos (Celac) realizada em Bruxelas, na B\u00e9lgica. O \u00faltimo encontro entre os dois blocos regionais havia sido h\u00e1 oito anos, em 2015. \u00a0 [&hellip;]<\/p>\n","protected":false},"author":1,"featured_media":34,"comment_status":"open","ping_status":"open","sticky":false,"template":"","format":"standard","meta":{"footnotes":""},"categories":[8],"tags":[],"_links":{"self":[{"href":"https:\/\/digitalizandosites.com.br\/noticias03\/wp-json\/wp\/v2\/posts\/76"}],"collection":[{"href":"https:\/\/digitalizandosites.com.br\/noticias03\/wp-json\/wp\/v2\/posts"}],"about":[{"href":"https:\/\/digitalizandosites.com.br\/noticias03\/wp-json\/wp\/v2\/types\/post"}],"author":[{"embeddable":true,"href":"https:\/\/digitalizandosites.com.br\/noticias03\/wp-json\/wp\/v2\/users\/1"}],"replies":[{"embeddable":true,"href":"https:\/\/digitalizandosites.com.br\/noticias03\/wp-json\/wp\/v2\/comments?post=76"}],"version-history":[{"count":1,"href":"https:\/\/digitalizandosites.com.br\/noticias03\/wp-json\/wp\/v2\/posts\/76\/revisions"}],"predecessor-version":[{"id":12684,"href":"https:\/\/digitalizandosites.com.br\/noticias03\/wp-json\/wp\/v2\/posts\/76\/revisions\/12684"}],"wp:featuredmedia":[{"embeddable":true,"href":"https:\/\/digitalizandosites.com.br\/noticias03\/wp-json\/wp\/v2\/media\/34"}],"wp:attachment":[{"href":"https:\/\/digitalizandosites.com.br\/noticias03\/wp-json\/wp\/v2\/media?parent=76"}],"wp:term":[{"taxonomy":"category","embeddable":true,"href":"https:\/\/digitalizandosites.com.br\/noticias03\/wp-json\/wp\/v2\/categories?post=76"},{"taxonomy":"post_tag","embeddable":true,"href":"https:\/\/digitalizandosites.com.br\/noticias03\/wp-json\/wp\/v2\/tags?post=76"}],"curies":[{"name":"wp","href":"https:\/\/api.w.org\/{rel}","templated":true}]}}