{"id":70,"date":"2023-07-19T05:41:57","date_gmt":"2023-07-19T05:41:57","guid":{"rendered":"https:\/\/noticias.webunitystudio.site\/modelo23\/petrucio-e-tricampeao-e-jerusa-leva-2o-ouro-em-ultimo-dia-do-mundial\/"},"modified":"2024-03-15T18:03:48","modified_gmt":"2024-03-15T18:03:48","slug":"petrucio-e-tricampeao-e-jerusa-leva-2o-ouro-em-ultimo-dia-do-mundial","status":"publish","type":"post","link":"https:\/\/digitalizandosites.com.br\/noticias03\/petrucio-e-tricampeao-e-jerusa-leva-2o-ouro-em-ultimo-dia-do-mundial\/","title":{"rendered":"Petr\u00facio \u00e9 tricampe\u00e3o e Jerusa leva 2\u00ba ouro em \u00faltimo dia do Mundial &#8211; Artigo de Exemplo"},"content":{"rendered":"<p><\/p>\n<div>\n<p>O Brasil fechou esta segunda-feira (17),\u00a0\u00faltimo dia de Mundial de Atletismo Paral\u00edmpico, em Paris (Fran\u00e7a), com mais sete p\u00f3dios, entre eles o tricampeonato de Petr\u00facio Ferreira nos 100 metros T47 (amputados de bra\u00e7o) e o segundo ouro de Jerusa Geber, desta vez nos 200m T11 (cegas) \u2013 ambos cravaram novos recordes internacionais.\u00a0 No total, a delega\u00e7\u00e3o nacional conquistou 47 medalhas, duas a mais que a l\u00edder China, consolidando a melhor campanha da hist\u00f3ria, desde a edi\u00e7\u00e3o de Dubai (2019), quando o somou 39 medalhas. O pa\u00eds asi\u00e1tico terminou em primeiro lugar por ter conquistado mais dois ouros e tr\u00eas pratas que o Brasil.<img decoding=\"async\" src=\"data:image\/gif;base64,R0lGODlhAQABAAAAACH5BAEKAAEALAAAAAABAAEAAAICTAEAOw==\" data-src=\"https:\/\/agenciabrasil.ebc.com.br\/ebc.png?id=1544264&amp;o=node\" class=\"lazyload\" style=\"width:1px; height:1px; display:inline;\"\/><img decoding=\"async\" src=\"data:image\/gif;base64,R0lGODlhAQABAAAAACH5BAEKAAEALAAAAAABAAEAAAICTAEAOw==\" data-src=\"https:\/\/agenciabrasil.ebc.com.br\/ebc.gif?id=1544264&amp;o=node\" class=\"lazyload\" style=\"width:1px; height:1px; display:inline;\"\/><\/p>\n<blockquote class=\"twitter-tweet\">\n<p dir=\"ltr\" lang=\"pt\" xml:lang=\"pt\">O mais r\u00e1pido do mundo! \ud83d\ude80<\/p>\n<p>\ud83c\uddec\ud83c\udde7 2\u20e30\u20e31\u20e37\u20e3 PETR\u00daCIO FERREIRA. \ud83e\udd47<br \/>\ud83c\udde6\ud83c\uddea 2\u20e30\u20e31\u20e39\u20e3 PETR\u00daCIO FERREIRA. \ud83e\udd47<br \/>\ud83c\uddeb\ud83c\uddf7 2\u20e30\u20e32\u20e33\u20e3 PETR\u00daCIO FERREIRA. \ud83e\udd47<\/p>\n<p>\ud83c\udde7\ud83c\uddf7\ud83c\udde7\ud83c\uddf7\ud83c\udde7\ud83c\uddf7\ud83c\udde7\ud83c\uddf7\ud83c\udde7\ud83c\uddf7\ud83c\udde7\ud83c\uddf7\ud83c\udde7\ud83c\uddf7\ud83c\udde7\ud83c\uddf7\ud83c\udde7\ud83c\uddf7\ud83c\udde7\ud83c\uddf7\ud83c\udde7\ud83c\uddf7\ud83c\udde7\ud83c\uddf7<br \/>Tr\u00eas vezes campe\u00e3o do mundo!<\/p>\n<p>100m em 10s35: o mais r\u00e1pido de todo o campeonato mundial.<a href=\"https:\/\/twitter.com\/hashtag\/MundialDeAtletismo?src=hash&amp;ref_src=twsrc%5Etfw\">#MundialDeAtletismo<\/a><a href=\"https:\/\/twitter.com\/hashtag\/Paris2023?src=hash&amp;ref_src=twsrc%5Etfw\">#Paris2023<\/a> <a href=\"https:\/\/t.co\/cpeKtyy9LL\">pic.twitter.com\/cpeKtyy9LL<\/a><\/p>\n<p>\u2014 Comit\u00ea Paral\u00edmpico Brasileiro (@cpboficial) <a href=\"https:\/\/twitter.com\/cpboficial\/status\/1681017078432636928?ref_src=twsrc%5Etfw\">July 17, 2023<\/a><\/p><\/blockquote>\n<p>Aos 26 anos, o bicampe\u00e3o paral\u00edmpico Petr\u00facio Ferreira faturou hoje sua quinta medalha em mundiais. O paraibano de 26 anos cruzou a linha de chegada dos 100m T47 em 10s37, cravando o novo recorde da competi\u00e7\u00e3o<\/p>\n<p>&#8220;Cada conquista para mim \u00e9 como se fosse a primeira. Eu sempre lembro de onde eu vim. Essa conquista vale muito para mim. Quem \u00e9 atleta sabe qual \u00e9 a nossa dedica\u00e7\u00e3o do dia a dia, os momentos dif\u00edceis que a gente passa. \u00c9 tudo por um sonho. Agrade\u00e7o \u00e0 minha fam\u00edlia, ao meu treinador Pedrinho, \u00e0 torcida e \u00e0 minha esposa, que passou v\u00e1rios momentos complicados ao meu lado. N\u00e3o larguei t\u00e3o bem, errei na mina terceira passada. Poderia ter acertado mais, mas saio feliz com meu terceiro mundial&#8221;, comemorou Petr\u00facio em depoimento \u00e0 Confedera\u00e7\u00e3o Paral\u00edmpica Brasileira.<\/p>\n<p>E teve dobradinha brasileira na prova dos 100m T47, com a prata do paranaense Jos\u00e9 Alexandre Martins (10s73), estreante do pa\u00eds na competi\u00e7\u00e3o, que j\u00e1 conquistara bronze nos 400m nesta edi\u00e7\u00e3o do Mundial. O bronze ficou com o brit\u00e2nico Kevin Santos (10s85).<\/p>\n<blockquote class=\"twitter-tweet\">\n<p dir=\"ltr\" lang=\"pt\" xml:lang=\"pt\">COLOCA MAIS UMA PRATA NA CONTA DO BRASIL! \ud83e\udd48\ud83c\udde7\ud83c\uddf7<\/p>\n<p>Continuamos sendo muito bem representados nos 100m T47. \ud83d\udd25\ud83d\udcaa A nossa gera\u00e7\u00e3o chegou forte e o Jos\u00e9 Alexandre, de 19 anos, garantiu sua prata em sua primeira competi\u00e7\u00e3o.<\/p>\n<p>Esse sorriso deixa claro que \u00e9 s\u00f3 felicidade por aqui! \ud83d\udcab <a href=\"https:\/\/t.co\/TEbMvXj0HP\">pic.twitter.com\/TEbMvXj0HP<\/a><\/p>\n<p>\u2014 Comit\u00ea Paral\u00edmpico Brasileiro (@cpboficial) <a href=\"https:\/\/twitter.com\/cpboficial\/status\/1681026235579736064?ref_src=twsrc%5Etfw\">July 17, 2023<\/a><\/p><\/blockquote>\n<p>Quem tamb\u00e9m festejou muito foi a <a href=\"https:\/\/twitter.com\/cpboficial\/status\/1680973934424891393\">acreana Jerusa Geber, que venceu nos 200m T11 (cegas) com o tempo de 24s63, <\/a>o novo recorde da competi\u00e7\u00e3o. Foi o segundo ouro da velocista: o primeiro foi nos 100m \u00a0classe T11 (atletas cegas)., na \u00faltima quinta (13).<\/p>\n<p>&#8220;A nossa prova preferida \u00e9 a dos 100m. N\u00e3o esper\u00e1vamos fazer isso tudo nos 200m e conseguir o ouro. Quando a China est\u00e1 na prova, \u00e9 sempre com muita emo\u00e7\u00e3o. Mas sair da competi\u00e7\u00e3o com dois ouros, com dois recordes da competi\u00e7\u00e3o, e como a atleta com mais medalhas em Mundiais \u00e9 maravilhoso. S\u00f3 tenho a agradecer&#8221;, disse Jerusa<\/p>\n<p>E pela oitava vez nesta edi\u00e7\u00e3o teve p\u00f3dio duplo brasileiro. Assim como nos 100m T11, \u00a0a potiguar Thalita S\u00edmplicio (24s88) chegou em terceiro lugar e garantiu o bronze. A prata ficou com a chinesa Cuiqing Liu (24s79).<\/p>\n<blockquote class=\"twitter-tweet\">\n<p dir=\"ltr\" lang=\"pt\" xml:lang=\"pt\">Para fechar o dia e a competi\u00e7\u00e3o, prata para o Vinicius Rodrigues! \ud83e\udd48\ud83d\udde3\ufe0f<\/p>\n<p>Com 12s16, nos 100m T63, o brasileiro garantiu a segunda coloca\u00e7\u00e3o, atr\u00e1s do holand\u00eas Joel de Jong, que fez 12s09.<\/p>\n<p>N\u00f3s temos muito orgulho de todos voc\u00eas! \ud83c\udde7\ud83c\uddf7\ud83d\udca5 Foi lindo demais acompanhar tudo isso. \ud83e\udd79 <a href=\"https:\/\/t.co\/WDn1JCc2gm\">pic.twitter.com\/WDn1JCc2gm<\/a><\/p>\n<p>\u2014 Comit\u00ea Paral\u00edmpico Brasileiro (@cpboficial) <a href=\"https:\/\/twitter.com\/cpboficial\/status\/1681028172345745410?ref_src=twsrc%5Etfw\">July 17, 2023<\/a><\/p><\/blockquote>\n<p>Vice-campe\u00e3o paral\u00edmpico, o paranaense Vin\u00edcius Rodrigues amealhou a prata nos 100m classe T63 (para amputados de membros inferiores com pr\u00f3tese) nos \u00faltimos metros da prova, quando ultrapassou o alem\u00e3o Leon Schaefer, finalizando a corrida\u00a0 dois cent\u00e9simos antes, em 12s16.\u00a0 Schaefer (12s18) ficou com o bronze e o vencedor da prova foi o holand\u00eas Joel de Jong (12s09).<\/p>\n<p>&#8220;Em Dubai, fui bronze. Agora, consegui a prata. Estava contando com esse ouro, mas infelizmente n\u00e3o veio. A minha corrida foi muito boa, foi o meu melhor tempo na temporada. Agora \u00e9 analisar com meu treinador o que errei e onde posso melhorar&#8221;, afirmou Vin\u00edcius, que foi submetido a uma amputa\u00e7\u00e3o da perna esquerda acima do joelho devido a um acidente de moto.<\/p>\n<blockquote class=\"twitter-tweet\">\n<p dir=\"ltr\" lang=\"pt\" xml:lang=\"pt\">N\u00e3o perca as contas.<\/p>\n<p>Bronze de n\u00famero 2\ufe0f\u20e30\ufe0f\u20e3.<br \/>Medalha de n\u00famero 4\ufe0f\u20e34\ufe0f\u20e3.<\/p>\n<p>Rayane Soares, nos 400m da classe T13 (baixa vis\u00e3o).<\/p>\n<p>Foi sofrido.<br \/>\ud83d\ude25<br \/>Mas foi lindo.<br \/>\u2764\ufe0f\u200d\ud83d\udd25 <a href=\"https:\/\/t.co\/Mfo5dMbiNG\">pic.twitter.com\/Mfo5dMbiNG<\/a><\/p>\n<p>\u2014 Comit\u00ea Paral\u00edmpico Brasileiro (@cpboficial) <a href=\"https:\/\/twitter.com\/cpboficial\/status\/1680998709541105665?ref_src=twsrc%5Etfw\">July 17, 2023<\/a><\/p><\/blockquote>\n<p>Emocionante tamb\u00e9m foi a conquista do bronze pela maranhense Rayane Soares, atual campe\u00e3 mundial, nos 400m T13 (defici\u00eancia visual). \u00a0Embora n\u00e3o tenha largado bem, a velocista de 26 anos se recuperou a tempo de garantir o terceiro lugar com o tempo de 57s90, apenas quatro cent\u00e9simos amenos que a francesa Nantenin Keita, quarta colocada. A medalha de ouro foi para Lamiya Valiyeva (55s34), do Azerbaij\u00e3o, e a prata para a portuguesa Carolina Duarte (55s68).<\/p>\n<p>Outro brasileiro a brilhar no \u00faltimo dia de disputas foi o catarinense Edenilson Floriani, estreante na competi\u00e7\u00e3o. Ele faturou o bronze no arremesso de peso F42 (defici\u00eancia dos membros inferiores), ao atingir a marca de 14,06m. O ouro ficou com brit\u00e2nico Aled Davies, que fez 16,16m, e a prata foi para o iraniano Sajad Mohammadian, com 14,38m.<\/p>\n<blockquote class=\"twitter-tweet\">\n<p dir=\"ltr\" lang=\"pt\" xml:lang=\"pt\">Este foi o arremesso que rendeu ao \ud83c\udde7\ud83c\uddf7 a medalha de bronze n\u00famero 1\ufe0f\u20e39\ufe0f\u20e3.<\/p>\n<p>Edenilson Floriani, arremesso de peso F42<\/p>\n<p>Pra quem se perdeu nas contas, n\u00f3s temos<br \/>1\ufe0f\u20e33\ufe0f\u20e3\ud83e\udd47<br \/>1\ufe0f\u20e31\ufe0f\u20e3\ud83e\udd48<br \/>1\ufe0f\u20e39\ufe0f\u20e3\ud83e\udd49<br \/>\ud83d\udff04\ufe0f\u20e33\ufe0f\u20e3\ud83e\udd47\ud83e\udd48\ud83e\udd49<br \/>\ud83e\udec0\ud83d\ude2c\ud83e\udd76\ud83d\ude33\ud83d\ude31\ud83e\uddbe\ud83c\udf10 <a href=\"https:\/\/t.co\/reCOz6POki\">pic.twitter.com\/reCOz6POki<\/a><\/p>\n<p>\u2014 Comit\u00ea Paral\u00edmpico Brasileiro (@cpboficial) <a href=\"https:\/\/twitter.com\/cpboficial\/status\/1680992008242962432?ref_src=twsrc%5Etfw\">July 17, 2023<\/a><\/p><\/blockquote><\/div>\n<p><script async src=\"\/\/platform.twitter.com\/widgets.js\" charset=\"utf-8\"><\/script><br \/>\n<br \/><a href=\"https:\/\/agenciabrasil.ebc.com.br\/esportes\/noticia\/2023-07\/petrucio-e-tricampeao-e-jerusa-leva-2o-ouro-em-ultimo-dia-do-mundial\">Fonte<\/a><\/p>\n","protected":false},"excerpt":{"rendered":"<p>O Brasil fechou esta segunda-feira (17),\u00a0\u00faltimo dia de Mundial de Atletismo Paral\u00edmpico, em Paris (Fran\u00e7a), com mais sete p\u00f3dios, entre eles o tricampeonato de Petr\u00facio Ferreira nos 100 metros T47 (amputados de bra\u00e7o) e o segundo ouro de Jerusa Geber, desta vez nos 200m T11 (cegas) \u2013 ambos cravaram novos recordes internacionais.\u00a0 No total, a [&hellip;]<\/p>\n","protected":false},"author":1,"featured_media":71,"comment_status":"open","ping_status":"open","sticky":false,"template":"","format":"standard","meta":{"footnotes":""},"categories":[6],"tags":[],"_links":{"self":[{"href":"https:\/\/digitalizandosites.com.br\/noticias03\/wp-json\/wp\/v2\/posts\/70"}],"collection":[{"href":"https:\/\/digitalizandosites.com.br\/noticias03\/wp-json\/wp\/v2\/posts"}],"about":[{"href":"https:\/\/digitalizandosites.com.br\/noticias03\/wp-json\/wp\/v2\/types\/post"}],"author":[{"embeddable":true,"href":"https:\/\/digitalizandosites.com.br\/noticias03\/wp-json\/wp\/v2\/users\/1"}],"replies":[{"embeddable":true,"href":"https:\/\/digitalizandosites.com.br\/noticias03\/wp-json\/wp\/v2\/comments?post=70"}],"version-history":[{"count":1,"href":"https:\/\/digitalizandosites.com.br\/noticias03\/wp-json\/wp\/v2\/posts\/70\/revisions"}],"predecessor-version":[{"id":12687,"href":"https:\/\/digitalizandosites.com.br\/noticias03\/wp-json\/wp\/v2\/posts\/70\/revisions\/12687"}],"wp:featuredmedia":[{"embeddable":true,"href":"https:\/\/digitalizandosites.com.br\/noticias03\/wp-json\/wp\/v2\/media\/71"}],"wp:attachment":[{"href":"https:\/\/digitalizandosites.com.br\/noticias03\/wp-json\/wp\/v2\/media?parent=70"}],"wp:term":[{"taxonomy":"category","embeddable":true,"href":"https:\/\/digitalizandosites.com.br\/noticias03\/wp-json\/wp\/v2\/categories?post=70"},{"taxonomy":"post_tag","embeddable":true,"href":"https:\/\/digitalizandosites.com.br\/noticias03\/wp-json\/wp\/v2\/tags?post=70"}],"curies":[{"name":"wp","href":"https:\/\/api.w.org\/{rel}","templated":true}]}}