{"id":66,"date":"2023-07-19T05:41:46","date_gmt":"2023-07-19T05:41:46","guid":{"rendered":"https:\/\/noticias.webunitystudio.site\/modelo23\/saltos-ornamentais-ingrid-oliveira-fatura-vaga-para-o-brasil-em-paris\/"},"modified":"2024-03-15T18:03:53","modified_gmt":"2024-03-15T18:03:53","slug":"saltos-ornamentais-ingrid-oliveira-fatura-vaga-para-o-brasil-em-paris","status":"publish","type":"post","link":"https:\/\/digitalizandosites.com.br\/noticias03\/saltos-ornamentais-ingrid-oliveira-fatura-vaga-para-o-brasil-em-paris\/","title":{"rendered":"Saltos ornamentais: Ingrid Oliveira fatura vaga para o Brasil em Paris &#8211; Artigo de Exemplo"},"content":{"rendered":"<p><\/p>\n<div>\n<p>A brasileira Ingrid Oliveira assegurou a primeira vaga ol\u00edmpica do Brasil nos saltos ornamentais nos Jogos de Paris 2024, na madrugada desta ter\u00e7a-feira (18), ao se classificar \u00e0 final da\u00a0 plataforma de 10 metros no Mundial de Esportes Aqu\u00e1ticos, em Fukuoka (Jap\u00e3o). \u00a0Na semifinal feminina, a carioca de 27 anos avan\u00e7ou na oitava posi\u00e7\u00e3o, com 313.90 pontos \u2013 apenas 12 das 18 saltadoras desta etapa se classificaram.<img decoding=\"async\" src=\"data:image\/gif;base64,R0lGODlhAQABAAAAACH5BAEKAAEALAAAAAABAAEAAAICTAEAOw==\" data-src=\"https:\/\/agenciabrasil.ebc.com.br\/ebc.png?id=1544331&amp;o=node\" class=\"lazyload\" style=\"width:1px; height:1px; display:inline;\"\/><img decoding=\"async\" src=\"data:image\/gif;base64,R0lGODlhAQABAAAAACH5BAEKAAEALAAAAAABAAEAAAICTAEAOw==\" data-src=\"https:\/\/agenciabrasil.ebc.com.br\/ebc.gif?id=1544331&amp;o=node\" class=\"lazyload\" style=\"width:1px; height:1px; display:inline;\"\/><\/p>\n<blockquote class=\"twitter-tweet\">\n<p dir=\"ltr\" lang=\"pt\" xml:lang=\"pt\">VAGA GARANTIDA PARA PARIS 2024 \ud83e\udd38\ud83c\udffc\u200d\u2640\ud83c\udf0a<\/p>\n<p>Brasil conquista vaga em <a href=\"https:\/\/twitter.com\/hashtag\/Paris2024?src=hash&amp;ref_src=twsrc%5Etfw\">#Paris2024<\/a> \ud83c\uddeb\ud83c\uddf7 na Plataforma 10m de Saltos Ornamentais!<\/p>\n<p>A classifica\u00e7\u00e3o vem ap\u00f3s Ingrid Oliveira avan\u00e7ar \u00e0 final da categoria, no Mundial de Esportes Aqu\u00e1ticos \ud83c\uddef\ud83c\uddf5<\/p>\n<p>Um resultado espetacular! \ud83d\ude0d <a href=\"https:\/\/t.co\/Si7cIIib7j\">pic.twitter.com\/Si7cIIib7j<\/a><\/p>\n<p>\u2014 Time Brasil (@timebrasil) <a href=\"https:\/\/twitter.com\/timebrasil\/status\/1681287803810770946?ref_src=twsrc%5Etfw\">July 18, 2023<\/a><\/p><\/blockquote>\n<blockquote>\n<p>\u201cEstou muito feliz, ser\u00e1 mais uma edi\u00e7\u00e3o de Jogos Ol\u00edmpicos para o Brasil torcer por mim. A prova estava bem disputada, bem dif\u00edcil. Sabia que n\u00e3o seria f\u00e1cil conquistar essa vaga, mas deu tudo certo. Agora \u00e9 seguir concentrada porque j\u00e1 tem final nesta quarta. \u00c9 dar o melhor na prova e contar com a torcida de todos\u201d, comemorou Ingrid, que j\u00e1 disputou a Ol\u00edmpiada Rio 2016 e a de T\u00f3quio 2020.<\/p>\n<\/blockquote>\n<p>Ingrid vai lutar por medalha \u00e0s 6h (hor\u00e1rio de Bras\u00edlia) desta quarta-feira (19). \u00a0A classifica\u00e7\u00e3o ol\u00edmpica no Mundial de Fukuoka n\u00e3o \u00e9 nominal, pertence ao pa\u00eds. Somente em 2024 ser\u00e1 definida a equipe que ir\u00e1 aos Jogos. \u00a0<\/p>\n<p>A delega\u00e7\u00e3o brasileira em Fukuoka conta ainda com Isaac Souza, Rafael Foga\u00e7a e Paty Valente. O Mundial distribui tr\u00eas vagas em cada uma das provas sincronizadas. A competi\u00e7\u00e3o \u00e9 a primeira de tr\u00eas janelas de classifica\u00e7\u00e3o para os Jogos de Paris 2024. Depois, em outubro, haver\u00e1 os Jogos Pan-Americanos de Santiago (Chile) &#8211; que garantem vagas aos campe\u00f5es das disputas individuais (trampolim 3m e plataforma 10m, no masculino e no feminino) \u2013 e em 2024 o Mundial de Doha (Catar), que distribuir\u00e1 quatro vagas (provas sincronizadas).<\/p>\n<h2>Programa\u00e7\u00e3o<\/h2>\n<p><strong><em>18 de julho<\/em><\/strong><br \/><em>21h00 \u2013 Trampolim 3m masculino (eliminat\u00f3rias) \u2013\u00a0Rafael Foga\u00e7a e Rafael Max<\/em><\/p>\n<p><strong><em>19 de julho<\/em><\/strong><br \/><em>3h30 \u2013 Trampolim 3m masculino (semifinais)<\/em><br \/><em>6h00 \u2013 Plataforma 10m feminina (final)<\/em><br \/><em>21h00 \u2013 Trampolim 3m feminino (eliminat\u00f3rias) \u2013\u00a0Anna L\u00facia dos Santos e Luana Lira<\/em><\/p>\n<p><strong><em>20 de julho<\/em><\/strong><br \/><em>2h30 \u2013 Trampolim 3m feminino (semifinais)<\/em><br \/><em>6h00 \u2013 Trampolim 3m masculino (final)<\/em><br \/><em>21h00 \u2013 Plataforma 10m masculino (eliminat\u00f3rias) \u2013\u00a0Diogo Silva e Isaac Souza<\/em><\/p>\n<p><strong><em>21 de julho<\/em><\/strong><br \/><em>3h30 \u2013 Plataforma 10m masculino (semifinais)<\/em><br \/><em>6h00 \u2013 Trampolim 3m feminino (final)<\/em><\/p>\n<p><strong><em>22 de julho<\/em><\/strong><br \/><em>3h30 \u2013 Trampolim 3m sincronizado misto (final) \u2013\u00a0Anna L\u00facia dos Santos e Rafael Max<\/em><br \/><em>6h30 \u2013 Plataforma 10m masculino (final)<\/em><\/p>\n<\/p><\/div>\n<p><script async src=\"\/\/platform.twitter.com\/widgets.js\" charset=\"utf-8\"><\/script><br \/>\n<br \/><a href=\"https:\/\/agenciabrasil.ebc.com.br\/esportes\/noticia\/2023-07\/saltos-ornamentais-ingrid-oliveira-fatura-vaga-para-o-brasil-em-paris\">Fonte<\/a><\/p>\n","protected":false},"excerpt":{"rendered":"<p>A brasileira Ingrid Oliveira assegurou a primeira vaga ol\u00edmpica do Brasil nos saltos ornamentais nos Jogos de Paris 2024, na madrugada desta ter\u00e7a-feira (18), ao se classificar \u00e0 final da\u00a0 plataforma de 10 metros no Mundial de Esportes Aqu\u00e1ticos, em Fukuoka (Jap\u00e3o). \u00a0Na semifinal feminina, a carioca de 27 anos avan\u00e7ou na oitava posi\u00e7\u00e3o, com [&hellip;]<\/p>\n","protected":false},"author":1,"featured_media":67,"comment_status":"open","ping_status":"open","sticky":false,"template":"","format":"standard","meta":{"footnotes":""},"categories":[6],"tags":[],"_links":{"self":[{"href":"https:\/\/digitalizandosites.com.br\/noticias03\/wp-json\/wp\/v2\/posts\/66"}],"collection":[{"href":"https:\/\/digitalizandosites.com.br\/noticias03\/wp-json\/wp\/v2\/posts"}],"about":[{"href":"https:\/\/digitalizandosites.com.br\/noticias03\/wp-json\/wp\/v2\/types\/post"}],"author":[{"embeddable":true,"href":"https:\/\/digitalizandosites.com.br\/noticias03\/wp-json\/wp\/v2\/users\/1"}],"replies":[{"embeddable":true,"href":"https:\/\/digitalizandosites.com.br\/noticias03\/wp-json\/wp\/v2\/comments?post=66"}],"version-history":[{"count":1,"href":"https:\/\/digitalizandosites.com.br\/noticias03\/wp-json\/wp\/v2\/posts\/66\/revisions"}],"predecessor-version":[{"id":12689,"href":"https:\/\/digitalizandosites.com.br\/noticias03\/wp-json\/wp\/v2\/posts\/66\/revisions\/12689"}],"wp:featuredmedia":[{"embeddable":true,"href":"https:\/\/digitalizandosites.com.br\/noticias03\/wp-json\/wp\/v2\/media\/67"}],"wp:attachment":[{"href":"https:\/\/digitalizandosites.com.br\/noticias03\/wp-json\/wp\/v2\/media?parent=66"}],"wp:term":[{"taxonomy":"category","embeddable":true,"href":"https:\/\/digitalizandosites.com.br\/noticias03\/wp-json\/wp\/v2\/categories?post=66"},{"taxonomy":"post_tag","embeddable":true,"href":"https:\/\/digitalizandosites.com.br\/noticias03\/wp-json\/wp\/v2\/tags?post=66"}],"curies":[{"name":"wp","href":"https:\/\/api.w.org\/{rel}","templated":true}]}}