{"id":64,"date":"2023-07-19T05:41:42","date_gmt":"2023-07-19T05:41:42","guid":{"rendered":"https:\/\/noticias.webunitystudio.site\/modelo23\/selecao-chega-a-brisbane-cidade-sede-na-1a-fase-da-copa-feminina\/"},"modified":"2024-03-15T18:03:54","modified_gmt":"2024-03-15T18:03:54","slug":"selecao-chega-a-brisbane-cidade-sede-na-1a-fase-da-copa-feminina","status":"publish","type":"post","link":"https:\/\/digitalizandosites.com.br\/noticias03\/selecao-chega-a-brisbane-cidade-sede-na-1a-fase-da-copa-feminina\/","title":{"rendered":"Sele\u00e7\u00e3o chega \u00e0 Brisbane, cidade-sede na 1\u00aa fase da Copa Feminina &#8211; Artigo de Exemplo"},"content":{"rendered":"<p><\/p>\n<div>\n<p>A sele\u00e7\u00e3o brasileira desembarcou nesta ter\u00e7a-feira = (18) em Brisbane, cidade australiana que ser\u00e1 a sede da equipe na primeira fase da Copa do Mundo de futebol feminino, que come\u00e7a na quinta-feira (20).\u00a0A escolha de Brisbane como sede coincide com o segundo jogo das brasileiras na fase de grupos, quando enfrentar\u00e3o as francesas no est\u00e1dio local. \u00a0<img decoding=\"async\" src=\"data:image\/gif;base64,R0lGODlhAQABAAAAACH5BAEKAAEALAAAAAABAAEAAAICTAEAOw==\" data-src=\"https:\/\/agenciabrasil.ebc.com.br\/ebc.png?id=1544404&amp;o=node\" class=\"lazyload\" style=\"width:1px; height:1px; display:inline;\"\/><img decoding=\"async\" src=\"data:image\/gif;base64,R0lGODlhAQABAAAAACH5BAEKAAEALAAAAAABAAEAAAICTAEAOw==\" data-src=\"https:\/\/agenciabrasil.ebc.com.br\/ebc.gif?id=1544404&amp;o=node\" class=\"lazyload\" style=\"width:1px; height:1px; display:inline;\"\/><\/p>\n<p>A abertura do Mundial ser\u00e1 \u00e0s 4h (hor\u00e1rio de Bras\u00edlia) de quinta (20), no est\u00e1dio Edem Park, em Aucklabd (Nova Zel\u00e2ndia). O Brasil far\u00e1 todos os jogos da fase de grupos na Austr\u00e1lia. A estreia ser\u00e1 contra o Panam\u00e1, pelo Grupo F, na pr\u00f3xima segunda-feira (24),\u00a0\u00e0s 8h (hor\u00e1rio de Bras\u00edlia), no est\u00e1dio Hindmarsh, em Adelaide, a quase 3 horas de v\u00f4o saindo de Brisbane.<\/p>\n<blockquote class=\"twitter-tweet\">\n<p dir=\"ltr\" lang=\"pt\" xml:lang=\"pt\">Gold Coast \u27a1\ufe0f Brisbane<\/p>\n<p>\u25b6\ufe0f Voc\u00ea confere todos os detalhes da chegada da <a href=\"https:\/\/twitter.com\/hashtag\/Sele%C3%A7%C3%A3oFeminina?src=hash&amp;ref_src=twsrc%5Etfw\">#Sele\u00e7\u00e3oFeminina<\/a> na cidade-sede da primeira fase da Copa do Mundo! \ud83c\udde7\ud83c\uddf7<\/p>\n<p>\ud83d\udcf9 Fabio Souza \/ Jo Marconne \/ CBF TV <a href=\"https:\/\/t.co\/vSkMhoHkPV\">pic.twitter.com\/vSkMhoHkPV<\/a><\/p>\n<p>\u2014 Sele\u00e7\u00e3o Feminina de Futebol (@SelecaoFeminina) <a href=\"https:\/\/twitter.com\/SelecaoFeminina\/status\/1681282768586645504?ref_src=twsrc%5Etfw\">July 18, 2023<\/a><\/p><\/blockquote>\n<p>A torcida brasileira marcou presen\u00e7a hoje na chegada da delega\u00e7\u00e3o no Hotel North Lake, em Brisbane. \u00a0As jogadoras foram recebidas com entusiasmo e pararam para dar aut\u00f3grafos. A equipe comandada pela t\u00e9cnica Pia Sundhage far\u00e1 o primeiro treino \u00e0s 5h (hor\u00e1rio de Bras\u00edlia) desta quarta (19) \u00a0\u2013 \u00e0s 16h na Austr\u00e1lia.<\/p>\n<p>As demais partidas da sele\u00e7\u00e3o na primeira fase do Mundial\u00a0ser\u00e3o contra a Fran\u00e7a, no 29 de julho (s\u00e1bado), \u00e0s 7h, em Brisbane, e contra a Jamaica, em 2 de agosto (quarta-feira), em Melbourne.<\/p>\n<p>Os dois primeiros colocados do Grupo F avan\u00e7am \u00e0s oitavas de final, em que ter\u00e3o pela frente os dois classificados do Grupo H (Alemanha, Col\u00f4mbia, Coreia do Sul e Marrocos). O time de melhor campanha de uma chave encara o segundo colocado da outra.<\/p>\n<h2>Primeira baixa na sele\u00e7\u00e3o<\/h2>\n<p>A atacante Nycole Raysla foi desconvocada na madrugada desta ter\u00e7a (18), ap\u00f3s sofrer uma entorse no tornozelo esquerdo durante o treino em Golden Coast, antes da viagem para Brisbane. \u00a0O corte da atleta ocorreu por n\u00e3o haver tempo h\u00e1bil para sua recupera\u00e7\u00e3o. A meia Angelina, uma das suplentes que viajou para a Austr\u00e1lia junto com a sele\u00e7\u00e3o, foi escolhida por Pia Sundhage para a vaga da atacante. A jogadora, de 23 anos,\u00a0disputar\u00e1 seu primeiro Mundial na carreira.\u00a0<\/p>\n<blockquote class=\"twitter-tweet\">\n<p dir=\"ltr\" lang=\"pt\" xml:lang=\"pt\">A atacante Nycole Raysla est\u00e1 desconvocada da Copa do Mundo Feminina 2023. A jogadora sofreu um entorse no tornozelo esquerdo durante o jogo-treino de ter\u00e7a-feira (18) e n\u00e3o ter\u00e1 tempo h\u00e1bil de recupera\u00e7\u00e3o. <a href=\"https:\/\/t.co\/v6gDuulXcP\">pic.twitter.com\/v6gDuulXcP<\/a><\/p>\n<p>\u2014 Sele\u00e7\u00e3o Feminina de Futebol (@SelecaoFeminina) <a href=\"https:\/\/twitter.com\/SelecaoFeminina\/status\/1681143415910572032?ref_src=twsrc%5Etfw\">July 18, 2023<\/a><\/p><\/blockquote><\/div>\n<p><script async src=\"\/\/platform.twitter.com\/widgets.js\" charset=\"utf-8\"><\/script><br \/>\n<br \/><a href=\"https:\/\/agenciabrasil.ebc.com.br\/esportes\/noticia\/2023-07\/selecao-chega-brisbane-cidade-sede-na-1a-fase-da-copa-feminina\">Fonte<\/a><\/p>\n","protected":false},"excerpt":{"rendered":"<p>A sele\u00e7\u00e3o brasileira desembarcou nesta ter\u00e7a-feira = (18) em Brisbane, cidade australiana que ser\u00e1 a sede da equipe na primeira fase da Copa do Mundo de futebol feminino, que come\u00e7a na quinta-feira (20).\u00a0A escolha de Brisbane como sede coincide com o segundo jogo das brasileiras na fase de grupos, quando enfrentar\u00e3o as francesas no est\u00e1dio [&hellip;]<\/p>\n","protected":false},"author":1,"featured_media":65,"comment_status":"open","ping_status":"open","sticky":false,"template":"","format":"standard","meta":{"footnotes":""},"categories":[6],"tags":[],"_links":{"self":[{"href":"https:\/\/digitalizandosites.com.br\/noticias03\/wp-json\/wp\/v2\/posts\/64"}],"collection":[{"href":"https:\/\/digitalizandosites.com.br\/noticias03\/wp-json\/wp\/v2\/posts"}],"about":[{"href":"https:\/\/digitalizandosites.com.br\/noticias03\/wp-json\/wp\/v2\/types\/post"}],"author":[{"embeddable":true,"href":"https:\/\/digitalizandosites.com.br\/noticias03\/wp-json\/wp\/v2\/users\/1"}],"replies":[{"embeddable":true,"href":"https:\/\/digitalizandosites.com.br\/noticias03\/wp-json\/wp\/v2\/comments?post=64"}],"version-history":[{"count":1,"href":"https:\/\/digitalizandosites.com.br\/noticias03\/wp-json\/wp\/v2\/posts\/64\/revisions"}],"predecessor-version":[{"id":12690,"href":"https:\/\/digitalizandosites.com.br\/noticias03\/wp-json\/wp\/v2\/posts\/64\/revisions\/12690"}],"wp:featuredmedia":[{"embeddable":true,"href":"https:\/\/digitalizandosites.com.br\/noticias03\/wp-json\/wp\/v2\/media\/65"}],"wp:attachment":[{"href":"https:\/\/digitalizandosites.com.br\/noticias03\/wp-json\/wp\/v2\/media?parent=64"}],"wp:term":[{"taxonomy":"category","embeddable":true,"href":"https:\/\/digitalizandosites.com.br\/noticias03\/wp-json\/wp\/v2\/categories?post=64"},{"taxonomy":"post_tag","embeddable":true,"href":"https:\/\/digitalizandosites.com.br\/noticias03\/wp-json\/wp\/v2\/tags?post=64"}],"curies":[{"name":"wp","href":"https:\/\/api.w.org\/{rel}","templated":true}]}}