{"id":60,"date":"2023-07-19T05:41:10","date_gmt":"2023-07-19T05:41:10","guid":{"rendered":"https:\/\/noticias.webunitystudio.site\/modelo23\/prazo-para-finalizar-inscricao-no-fies-termina-nesta-sexta-feira\/"},"modified":"2024-03-15T18:04:00","modified_gmt":"2024-03-15T18:04:00","slug":"prazo-para-finalizar-inscricao-no-fies-termina-nesta-sexta-feira","status":"publish","type":"post","link":"https:\/\/digitalizandosites.com.br\/noticias03\/prazo-para-finalizar-inscricao-no-fies-termina-nesta-sexta-feira\/","title":{"rendered":"Prazo para finalizar inscri\u00e7\u00e3o no Fies termina nesta sexta-feira &#8211; Artigo de Exemplo"},"content":{"rendered":"<p><\/p>\n<div>\n<p>O per\u00edodo de complementa\u00e7\u00e3o da inscri\u00e7\u00e3o no processo seletivo da segunda edi\u00e7\u00e3o de 2023 do Fundo de Financiamento Estudantil (Fies) termina nesta sexta-feira (14). Segundo o Minist\u00e9rio da Educa\u00e7\u00e3o (MEC), os pr\u00e9-selecionados na chamada \u00fanica do Fies devem realizar o procedimento pelo <a href=\"https:\/\/acessounico.mec.gov.br\/fies\" target=\"_blank\" rel=\"noopener\">Portal \u00danico de Acesso ao Ensino Superior<\/a> at\u00e9 as 23h59.<img decoding=\"async\" src=\"data:image\/gif;base64,R0lGODlhAQABAAAAACH5BAEKAAEALAAAAAABAAEAAAICTAEAOw==\" data-src=\"https:\/\/agenciabrasil.ebc.com.br\/ebc.png?id=1543922&amp;o=node\" class=\"lazyload\" style=\"width:1px; height:1px; display:inline;\"\/><img decoding=\"async\" src=\"data:image\/gif;base64,R0lGODlhAQABAAAAACH5BAEKAAEALAAAAAABAAEAAAICTAEAOw==\" data-src=\"https:\/\/agenciabrasil.ebc.com.br\/ebc.gif?id=1543922&amp;o=node\" class=\"lazyload\" style=\"width:1px; height:1px; display:inline;\"\/><\/p>\n<p>Ap\u00f3s fazer a complementa\u00e7\u00e3o, o candidato deve validar as informa\u00e7\u00f5es declaradas no ato da inscri\u00e7\u00e3o. O prazo para a valida\u00e7\u00e3o \u00e9 de at\u00e9 cinco dias \u00fateis ap\u00f3s a data da complementa\u00e7\u00e3o da inscri\u00e7\u00e3o, que dever\u00e1 ser realizada diretamente na institui\u00e7\u00e3o de ensino superior para a qual o candidato foi pr\u00e9-selecionado.\u00a0<\/p>\n<h2>Lista de espera\u00a0\u00a0<\/h2>\n<p>O MEC informa, tamb\u00e9m, que os n\u00e3o pr\u00e9-selecionados na chamada \u00fanica do processo seletivo constar\u00e3o automaticamente da lista de espera para fins de preenchimento das vagas n\u00e3o ocupadas, \u201cobservada a ordem de classifica\u00e7\u00e3o conforme previsto no Edital 8\/2023, que trata do cronograma e demais procedimentos do Fies 2023\/2\u201d.<\/p>\n<p>De acordo com o minist\u00e9rio, a eventual pr\u00e9-sele\u00e7\u00e3o de candidatos participantes da lista de espera ocorrer\u00e1 no per\u00edodo de 18 de julho a 29 de agosto, no Portal \u00danico de Acesso.\u00a0<\/p>\n<p>O Fies foi institu\u00eddo pela Lei n\u00ba 10.260, de 12 de julho de 2001. O objetivo \u00e9 conceder financiamento a estudantes de cursos de gradua\u00e7\u00e3o em institui\u00e7\u00f5es de educa\u00e7\u00e3o superior privadas aderentes ao programa e com avalia\u00e7\u00e3o positiva no Sistema Nacional de Avalia\u00e7\u00e3o da Educa\u00e7\u00e3o Superior (Sinaes).\u00a0\u00a0<\/p>\n<p>Desde 2018, o Fies possibilita juros zero a quem mais precisa e uma escala de financiamento que varia conforme a renda familiar do candidato.<\/p>\n<\/p><\/div>\n<p><a href=\"https:\/\/agenciabrasil.ebc.com.br\/educacao\/noticia\/2023-07\/prazo-para-finalizar-inscricao-no-fies-termina-nesta-sexta-feira\">Fonte<\/a><\/p>\n","protected":false},"excerpt":{"rendered":"<p>O per\u00edodo de complementa\u00e7\u00e3o da inscri\u00e7\u00e3o no processo seletivo da segunda edi\u00e7\u00e3o de 2023 do Fundo de Financiamento Estudantil (Fies) termina nesta sexta-feira (14). Segundo o Minist\u00e9rio da Educa\u00e7\u00e3o (MEC), os pr\u00e9-selecionados na chamada \u00fanica do Fies devem realizar o procedimento pelo Portal \u00danico de Acesso ao Ensino Superior at\u00e9 as 23h59. Ap\u00f3s fazer a [&hellip;]<\/p>\n","protected":false},"author":1,"featured_media":61,"comment_status":"open","ping_status":"open","sticky":false,"template":"","format":"standard","meta":{"footnotes":""},"categories":[5],"tags":[],"_links":{"self":[{"href":"https:\/\/digitalizandosites.com.br\/noticias03\/wp-json\/wp\/v2\/posts\/60"}],"collection":[{"href":"https:\/\/digitalizandosites.com.br\/noticias03\/wp-json\/wp\/v2\/posts"}],"about":[{"href":"https:\/\/digitalizandosites.com.br\/noticias03\/wp-json\/wp\/v2\/types\/post"}],"author":[{"embeddable":true,"href":"https:\/\/digitalizandosites.com.br\/noticias03\/wp-json\/wp\/v2\/users\/1"}],"replies":[{"embeddable":true,"href":"https:\/\/digitalizandosites.com.br\/noticias03\/wp-json\/wp\/v2\/comments?post=60"}],"version-history":[{"count":1,"href":"https:\/\/digitalizandosites.com.br\/noticias03\/wp-json\/wp\/v2\/posts\/60\/revisions"}],"predecessor-version":[{"id":12692,"href":"https:\/\/digitalizandosites.com.br\/noticias03\/wp-json\/wp\/v2\/posts\/60\/revisions\/12692"}],"wp:featuredmedia":[{"embeddable":true,"href":"https:\/\/digitalizandosites.com.br\/noticias03\/wp-json\/wp\/v2\/media\/61"}],"wp:attachment":[{"href":"https:\/\/digitalizandosites.com.br\/noticias03\/wp-json\/wp\/v2\/media?parent=60"}],"wp:term":[{"taxonomy":"category","embeddable":true,"href":"https:\/\/digitalizandosites.com.br\/noticias03\/wp-json\/wp\/v2\/categories?post=60"},{"taxonomy":"post_tag","embeddable":true,"href":"https:\/\/digitalizandosites.com.br\/noticias03\/wp-json\/wp\/v2\/tags?post=60"}],"curies":[{"name":"wp","href":"https:\/\/api.w.org\/{rel}","templated":true}]}}