{"id":56,"date":"2023-07-19T05:41:01","date_gmt":"2023-07-19T05:41:01","guid":{"rendered":"https:\/\/noticias.webunitystudio.site\/modelo23\/capes-abre-inscricoes-para-bolsas-de-programa-de-politicas-afirmativas\/"},"modified":"2024-03-15T18:04:04","modified_gmt":"2024-03-15T18:04:04","slug":"capes-abre-inscricoes-para-bolsas-de-programa-de-politicas-afirmativas","status":"publish","type":"post","link":"https:\/\/digitalizandosites.com.br\/noticias03\/capes-abre-inscricoes-para-bolsas-de-programa-de-politicas-afirmativas\/","title":{"rendered":"Capes abre inscri\u00e7\u00f5es para bolsas de programa de pol\u00edticas afirmativas &#8211; Artigo de Exemplo"},"content":{"rendered":"<p><\/p>\n<div>\n<p>O Programa de Desenvolvimento da P\u00f3s-Gradua\u00e7\u00e3o \u2013 Pol\u00edticas Afirmativas e Diversidade abre inscri\u00e7\u00f5es neste s\u00e1bado (15). Os candidatos interessados em concorrer a bolsas de mestrado, doutorado e p\u00f3s-doutorado &#8211; oferecidas pela Coordena\u00e7\u00e3o de Aperfei\u00e7oamento de Pessoal de N\u00edvel Superior (Capes) &#8211; poder\u00e3o se inscrever at\u00e9 25 de agosto. \u00a0<img decoding=\"async\" src=\"data:image\/gif;base64,R0lGODlhAQABAAAAACH5BAEKAAEALAAAAAABAAEAAAICTAEAOw==\" data-src=\"https:\/\/agenciabrasil.ebc.com.br\/ebc.png?id=1543923&amp;o=node\" class=\"lazyload\" style=\"width:1px; height:1px; display:inline;\"\/><img decoding=\"async\" src=\"data:image\/gif;base64,R0lGODlhAQABAAAAACH5BAEKAAEALAAAAAABAAEAAAICTAEAOw==\" data-src=\"https:\/\/agenciabrasil.ebc.com.br\/ebc.gif?id=1543923&amp;o=node\" class=\"lazyload\" style=\"width:1px; height:1px; display:inline;\"\/><\/p>\n<p>Essa pol\u00edtica afirmativa e de diversidade \u00e9 uma das a\u00e7\u00f5es do Programa de Desenvolvimento Acad\u00eamico Abdias Nascimento, <a href=\"https:\/\/agenciabrasil.ebc.com.br\/educacao\/noticia\/2023-06\/governo-anuncia-recriacao-de-programa-de-desenvolvimento-academico\" target=\"_blank\" rel=\"noopener\">recriado pelo Minist\u00e9rio da Educa\u00e7\u00e3o (MEC) e pela Capes<\/a> em junho deste ano [<\/p>\n<p>O programa homenageia Abdias do Nascimento (1914-2011), que foi professor universit\u00e1rio, artista pl\u00e1stico, ator, poeta, escritor, dramaturgo, deputado federal (1983-1987), reconhecido, sobretudo, por ser ativista dos direitos civis e humanos das popula\u00e7\u00f5es negras brasileiras.\u00a0<\/p>\n<p>Ao longo de cinco anos, a Capes investir\u00e1 at\u00e9 R$ 45 milh\u00f5es para forma\u00e7\u00e3o de professores e pesquisadores em diversas \u00e1reas do conhecimento.\u00a0<\/p>\n<h2>Projetos candidatos\u00a0<\/h2>\n<p>As regras para sele\u00e7\u00e3o dos projetos est\u00e3o descritas no <a href=\"https:\/\/www.gov.br\/capes\/pt-br\/centrais-de-conteudo\/editais\/29062023_Edital_2007874_Edital_17_2023.pdf\" target=\"_blank\" rel=\"noopener\">edital da Capes (n\u00ba 17\/2023)<\/a>.<\/p>\n<p>O edital est\u00e1 dividido em seis eixos tem\u00e1ticos: Pol\u00edticas afirmativas na p\u00f3s-gradua\u00e7\u00e3o; Avan\u00e7os para autonomia e tecnologia assistiva na educa\u00e7\u00e3o; Interculturalidade e pol\u00edticas p\u00fablicas na educa\u00e7\u00e3o; Pol\u00edticas indigenistas e para povos tradicionais; Equidade e combate ao racismo na educa\u00e7\u00e3o; e Educa\u00e7\u00e3o especial: inclus\u00e3o e desenvolvimento.\u00a0<\/p>\n<p>As propostas dever\u00e3o ser apresentadas exclusivamente por meio eletr\u00f4nico, em formul\u00e1rio espec\u00edfico, dispon\u00edvel no <a href=\"https:\/\/inscricao.capes.gov.br\/individual\" target=\"_blank\" rel=\"noopener\">Sistema de Inscri\u00e7\u00f5es da Capers (Sicapes)<\/a>\u00a0 com login e senha do <a href=\"https:\/\/sso.acesso.gov.br\/login?client_id=des.capes.gov.br%2Fsso&amp;authorization_id=18954a558fb\" target=\"_blank\" rel=\"noopener\">portal Gov.br<\/a>.\u00a0<\/p>\n<p>Para concorrer \u00e0s bolsas de bolsas de mestrado, doutorado e p\u00f3s-doutorado, os projetos inscritos devem ter abrang\u00eancia nacional e recorte geogr\u00e1fico com pelo menos duas das cinco regi\u00f5es brasileiras.\u00a0<\/p>\n<h2>Extens\u00e3o e planejamento<\/h2>\n<p>Os projetos devem prever atividades de extens\u00e3o e planejamento, reserva de vagas de bolsas para pessoas autodeclaradas pretas, pardas, quilombolas e ind\u00edgenas, al\u00e9m de estudantes com defici\u00eancia, transtornos globais do desenvolvimento e altas habilidades, entre outros requisitos.<\/p>\n<p>Na an\u00e1lise de cada projeto ser\u00e3o considerados crit\u00e9rios como relev\u00e2ncia e alinhamento ao tema, impacto e potencial transformador no avan\u00e7o das pol\u00edticas afirmativas e de diversidade, aplicabilidade, experi\u00eancia e qualifica\u00e7\u00e3o da equipe de docentes e pesquisadores respons\u00e1veis pela proposta, viabilidade do projeto, representatividade e diversidade \u00e9tnico-racial, entre outros crit\u00e9rios.\u00a0<\/p>\n<p>O resultado preliminar ser\u00e1 divulgado em 23 de outubro. Os candidatos que discordarem da an\u00e1lise de m\u00e9rito dos projetos ter\u00e3o cinco dias corridos para envio de recurso referente ao resultado preliminar. E o resultado final ser\u00e1 conhecido em 21 de novembro. \u00a0<\/p>\n<p>O investimento nas propostas aprovadas ser\u00e1 de at\u00e9 R$ 1,5 milh\u00e3o, sendo at\u00e9 R$ 150 mil em recursos de custeio. O in\u00edcio da vig\u00eancia dos projetos ser\u00e1 em 10 de dezembro deste ano.\u00a0<\/p>\n<\/p><\/div>\n<p><a href=\"https:\/\/agenciabrasil.ebc.com.br\/educacao\/noticia\/2023-07\/capes-abre-inscricoes-para-bolsas-de-programa-de-politicas-afirmativas\">Fonte<\/a><\/p>\n","protected":false},"excerpt":{"rendered":"<p>O Programa de Desenvolvimento da P\u00f3s-Gradua\u00e7\u00e3o \u2013 Pol\u00edticas Afirmativas e Diversidade abre inscri\u00e7\u00f5es neste s\u00e1bado (15). Os candidatos interessados em concorrer a bolsas de mestrado, doutorado e p\u00f3s-doutorado &#8211; oferecidas pela Coordena\u00e7\u00e3o de Aperfei\u00e7oamento de Pessoal de N\u00edvel Superior (Capes) &#8211; poder\u00e3o se inscrever at\u00e9 25 de agosto. \u00a0 Essa pol\u00edtica afirmativa e de diversidade [&hellip;]<\/p>\n","protected":false},"author":1,"featured_media":57,"comment_status":"open","ping_status":"open","sticky":false,"template":"","format":"standard","meta":{"footnotes":""},"categories":[5],"tags":[],"_links":{"self":[{"href":"https:\/\/digitalizandosites.com.br\/noticias03\/wp-json\/wp\/v2\/posts\/56"}],"collection":[{"href":"https:\/\/digitalizandosites.com.br\/noticias03\/wp-json\/wp\/v2\/posts"}],"about":[{"href":"https:\/\/digitalizandosites.com.br\/noticias03\/wp-json\/wp\/v2\/types\/post"}],"author":[{"embeddable":true,"href":"https:\/\/digitalizandosites.com.br\/noticias03\/wp-json\/wp\/v2\/users\/1"}],"replies":[{"embeddable":true,"href":"https:\/\/digitalizandosites.com.br\/noticias03\/wp-json\/wp\/v2\/comments?post=56"}],"version-history":[{"count":1,"href":"https:\/\/digitalizandosites.com.br\/noticias03\/wp-json\/wp\/v2\/posts\/56\/revisions"}],"predecessor-version":[{"id":12694,"href":"https:\/\/digitalizandosites.com.br\/noticias03\/wp-json\/wp\/v2\/posts\/56\/revisions\/12694"}],"wp:featuredmedia":[{"embeddable":true,"href":"https:\/\/digitalizandosites.com.br\/noticias03\/wp-json\/wp\/v2\/media\/57"}],"wp:attachment":[{"href":"https:\/\/digitalizandosites.com.br\/noticias03\/wp-json\/wp\/v2\/media?parent=56"}],"wp:term":[{"taxonomy":"category","embeddable":true,"href":"https:\/\/digitalizandosites.com.br\/noticias03\/wp-json\/wp\/v2\/categories?post=56"},{"taxonomy":"post_tag","embeddable":true,"href":"https:\/\/digitalizandosites.com.br\/noticias03\/wp-json\/wp\/v2\/tags?post=56"}],"curies":[{"name":"wp","href":"https:\/\/api.w.org\/{rel}","templated":true}]}}