{"id":54,"date":"2023-07-19T05:40:58","date_gmt":"2023-07-19T05:40:58","guid":{"rendered":"https:\/\/noticias.webunitystudio.site\/modelo23\/combate-a-evasao-de-negros-em-universidades-requer-novas-politicas\/"},"modified":"2024-03-15T18:04:07","modified_gmt":"2024-03-15T18:04:07","slug":"combate-a-evasao-de-negros-em-universidades-requer-novas-politicas","status":"publish","type":"post","link":"https:\/\/digitalizandosites.com.br\/noticias03\/combate-a-evasao-de-negros-em-universidades-requer-novas-politicas\/","title":{"rendered":"Combate \u00e0 evas\u00e3o de negros em universidades requer novas pol\u00edticas &#8211; Artigo de Exemplo"},"content":{"rendered":"<p><\/p>\n<div>\n<p>A evas\u00e3o de estudantes negros das universidades \u00e9 um fator que indica a necessidade da formula\u00e7\u00e3o de novas pol\u00edticas p\u00fablicas que permitam a perman\u00eancia desses alunos. Mesmo com o crescimento no n\u00famero de estudantes afrodescendentes no n\u00edvel superior da educa\u00e7\u00e3o, em consequ\u00eancia da efetividade de a\u00e7\u00f5es afirmativas como a Lei de Cotas, essa popula\u00e7\u00e3o ainda enfrenta uma s\u00e9rie de barreiras para a sua perman\u00eancia nas universidades.<img decoding=\"async\" src=\"data:image\/gif;base64,R0lGODlhAQABAAAAACH5BAEKAAEALAAAAAABAAEAAAICTAEAOw==\" data-src=\"https:\/\/agenciabrasil.ebc.com.br\/ebc.png?id=1544109&amp;o=node\" class=\"lazyload\" style=\"width:1px; height:1px; display:inline;\"\/><img decoding=\"async\" src=\"data:image\/gif;base64,R0lGODlhAQABAAAAACH5BAEKAAEALAAAAAABAAEAAAICTAEAOw==\" data-src=\"https:\/\/agenciabrasil.ebc.com.br\/ebc.gif?id=1544109&amp;o=node\" class=\"lazyload\" style=\"width:1px; height:1px; display:inline;\"\/><\/p>\n<p>A despesa com transportes diante da dist\u00e2ncia do deslocamento entre o local de moradia e a unidade universit\u00e1ria tamb\u00e9m contribui para o abandono dos bancos escolares. Outro fator que atinge m\u00e3es e pais estudantes \u00e9 a falta de creches pr\u00f3ximas dos locais de estudo para deixarem os seus filhos enquanto est\u00e3o em aulas.<\/p>\n<p>Essas foram algumas das conclus\u00f5es da Roda de Conversa Bem Viver das Juventudes Negras: Trajet\u00f3rias Coletivas nas Universidades, com a Oxfam Brasil, que debateu o contexto de estudantes negros do Rio de Janeiro tanto da gradua\u00e7\u00e3o como da p\u00f3s-gradua\u00e7\u00e3o nas universidades. O encontro ocorreu neste s\u00e1bado (15), no Museu do Amanh\u00e3, na regi\u00e3o portu\u00e1ria do Rio.<\/p>\n<p>Participaram da conversa a coordenadora do N\u00facleo de Estudos Afro-Brasileiros e Ind\u00edgenas da UniRio (NEABI), professora Jane Santos; a estudante de p\u00f3s-gradua\u00e7\u00e3o Estefane Silva, que faz parte de coletivos de movimentos estudantis para a perman\u00eancia de alunos negros nessa faixa de gradua\u00e7\u00e3o, e a deputada estadual Renata Souza (PSOL-RJ), que atua na defesa de direitos humanos h\u00e1 mais de 12 anos com participa\u00e7\u00e3o de movimentos sociais e proposi\u00e7\u00e3o de pol\u00edticas p\u00fablicas no legislativo fluminense.<\/p>\n<p>As dificuldades se estendem ainda aos efeitos da pandemia da covid-19.\u00a0\u201cA gente est\u00e1 em um cen\u00e1rio p\u00f3s-pandemia de evas\u00e3o muito grande dos universit\u00e1rios que passaram por a\u00e7\u00f5es afirmativas e s\u00e3o cotistas, por quest\u00e3o de precariza\u00e7\u00e3o da vida mesmo. Entre fazer uma universidade, ter uma bolsa de estudos e seguir uma trajet\u00f3ria, muitos deles t\u00eam deixado a universidade para trabalhar para sobreviver e garantir o sustento da fam\u00edlia\u201d, apontou, em entrevista \u00e0 <strong>Ag\u00eancia Brasil<\/strong>, a oficial de projetos da Oxfam Brasil e mediadora da roda de conversa, B\u00e1rbara Barboza (foto).<\/p>\n<p>Como solu\u00e7\u00e3o de parte dos problemas da evas\u00e3o, o debate apontou ainda, segundo B\u00e1rbara Barboza, a implementa\u00e7\u00e3o de uma busca ativa de estudantes e a vis\u00e3o integrada de pol\u00edticas p\u00fablicas.<\/p>\n<blockquote>\n<p>\u201cNo sentido de que a gente possa pensar na constru\u00e7\u00e3o de creches muito pr\u00f3ximas ou dentro das universidades porque o contexto de universit\u00e1rios que s\u00e3o m\u00e3es e pais \u00e9 muito grande; e tamb\u00e9m no \u00e2mbito de sa\u00fade metal tendo em vista um alto \u00edndice de estudantes que t\u00eam tido depress\u00e3o, ansiedade e suic\u00eddios da juventude negra, s\u00e3o pol\u00edticas de acolhimento de sa\u00fade mental tamb\u00e9m\u201d, ressaltou.<\/p>\n<\/blockquote>\n<p>Mesmo com as dificuldades, de acordo com B\u00e1rbara Barboza, a quantidade de mulheres negras nas universidades p\u00fablicas \u00e9 a maioria entre g\u00eaneros do ponto de vista da perman\u00eancia, incluindo o acesso at\u00e9 a p\u00f3s-gradua\u00e7\u00e3o. \u201cAs mulheres negras do Brasil t\u00eam, apesar dos percal\u00e7os, uma qualidade educacional muito grande que confronta esse desafio que \u00e9 de estar dentro do contexto da educa\u00e7\u00e3o brasileira\u201d, disse, acrescentando que a ascens\u00e3o de mulheres negras nas universidades tem sido\u00a0registrada\u00a0ao longo dos \u00faltimos dez anos, per\u00edodo que coincide com a aplica\u00e7\u00e3o da Lei de Cotas.<\/p>\n<p>\u201cMulheres como a Renata Souza, Jane Santos e como Estefane Silva s\u00e3o mulheres que, estando em movimentos e na p\u00f3s-gradua\u00e7\u00e3o nas universidades p\u00fablicas, acabam gerando a perman\u00eancia porque s\u00e3o muito articuladas. Isso \u00e9 um grande ganho vindo de pol\u00edticas de a\u00e7\u00f5es afirmativas\u201d, observou.<\/p>\n<p>A roda de conversas foi organizada pela Oxfam Brasil, sigla de Oxford Committee for Famine Relief (Comit\u00ea de Oxford para o Al\u00edvio da Fome), em uma parceria com o Instituto Afro-Latinas por meio do Festival Latinidades.<\/p>\n<h2>Festival<\/h2>\n<p>Considerado hoje o maior festival de mulheres negras da Am\u00e9rica Latina, o Latinidades\u00a0foi criado em 2008 e neste per\u00edodo envolveu todas as regi\u00f5es brasileiras e registrou crescente participa\u00e7\u00e3o internacional com mais de 20 pa\u00edses. \u201cUma iniciativa continuada de promo\u00e7\u00e3o de equidade de ra\u00e7a g\u00eanero e plataforma de forma\u00e7\u00e3o e impulsionamento de trajet\u00f3rias de mulheres negras nos mais diversos campos de atua\u00e7\u00e3o\u201d, revela o <em>site<\/em> do festival.<\/p>\n<\/p><\/div>\n<p><a href=\"https:\/\/agenciabrasil.ebc.com.br\/educacao\/noticia\/2023-07\/combate-evasao-de-negros-em-universidades-requer-novas-politicas\">Fonte<\/a><\/p>\n","protected":false},"excerpt":{"rendered":"<p>A evas\u00e3o de estudantes negros das universidades \u00e9 um fator que indica a necessidade da formula\u00e7\u00e3o de novas pol\u00edticas p\u00fablicas que permitam a perman\u00eancia desses alunos. Mesmo com o crescimento no n\u00famero de estudantes afrodescendentes no n\u00edvel superior da educa\u00e7\u00e3o, em consequ\u00eancia da efetividade de a\u00e7\u00f5es afirmativas como a Lei de Cotas, essa popula\u00e7\u00e3o ainda [&hellip;]<\/p>\n","protected":false},"author":1,"featured_media":55,"comment_status":"open","ping_status":"open","sticky":false,"template":"","format":"standard","meta":{"footnotes":""},"categories":[5],"tags":[],"_links":{"self":[{"href":"https:\/\/digitalizandosites.com.br\/noticias03\/wp-json\/wp\/v2\/posts\/54"}],"collection":[{"href":"https:\/\/digitalizandosites.com.br\/noticias03\/wp-json\/wp\/v2\/posts"}],"about":[{"href":"https:\/\/digitalizandosites.com.br\/noticias03\/wp-json\/wp\/v2\/types\/post"}],"author":[{"embeddable":true,"href":"https:\/\/digitalizandosites.com.br\/noticias03\/wp-json\/wp\/v2\/users\/1"}],"replies":[{"embeddable":true,"href":"https:\/\/digitalizandosites.com.br\/noticias03\/wp-json\/wp\/v2\/comments?post=54"}],"version-history":[{"count":1,"href":"https:\/\/digitalizandosites.com.br\/noticias03\/wp-json\/wp\/v2\/posts\/54\/revisions"}],"predecessor-version":[{"id":12695,"href":"https:\/\/digitalizandosites.com.br\/noticias03\/wp-json\/wp\/v2\/posts\/54\/revisions\/12695"}],"wp:featuredmedia":[{"embeddable":true,"href":"https:\/\/digitalizandosites.com.br\/noticias03\/wp-json\/wp\/v2\/media\/55"}],"wp:attachment":[{"href":"https:\/\/digitalizandosites.com.br\/noticias03\/wp-json\/wp\/v2\/media?parent=54"}],"wp:term":[{"taxonomy":"category","embeddable":true,"href":"https:\/\/digitalizandosites.com.br\/noticias03\/wp-json\/wp\/v2\/categories?post=54"},{"taxonomy":"post_tag","embeddable":true,"href":"https:\/\/digitalizandosites.com.br\/noticias03\/wp-json\/wp\/v2\/tags?post=54"}],"curies":[{"name":"wp","href":"https:\/\/api.w.org\/{rel}","templated":true}]}}