{"id":52,"date":"2023-07-19T05:40:53","date_gmt":"2023-07-19T05:40:53","guid":{"rendered":"https:\/\/noticias.webunitystudio.site\/modelo23\/mec-divulga-resultado-da-lista-de-espera-do-fies-2023\/"},"modified":"2024-03-15T18:04:09","modified_gmt":"2024-03-15T18:04:09","slug":"mec-divulga-resultado-da-lista-de-espera-do-fies-2023","status":"publish","type":"post","link":"https:\/\/digitalizandosites.com.br\/noticias03\/mec-divulga-resultado-da-lista-de-espera-do-fies-2023\/","title":{"rendered":"MEC divulga resultado da lista de espera do Fies 2023 &#8211; Artigo de Exemplo"},"content":{"rendered":"<p><\/p>\n<div>\n<p>O Minist\u00e9rio da Educa\u00e7\u00e3o (MEC) divulgou hoje (18) a lista de espera dos candidatos ao Fundo de Financiamento Estudantil (Fies) do segundo semestre de 2023. A pasta utiliza a rela\u00e7\u00e3o para preencher as vagas eventualmente n\u00e3o ocupadas em institui\u00e7\u00f5es privadas de ensino superior.<img decoding=\"async\" src=\"data:image\/gif;base64,R0lGODlhAQABAAAAACH5BAEKAAEALAAAAAABAAEAAAICTAEAOw==\" data-src=\"https:\/\/agenciabrasil.ebc.com.br\/ebc.png?id=1544303&amp;o=node\" class=\"lazyload\" style=\"width:1px; height:1px; display:inline;\"\/><img decoding=\"async\" src=\"data:image\/gif;base64,R0lGODlhAQABAAAAACH5BAEKAAEALAAAAAABAAEAAAICTAEAOw==\" data-src=\"https:\/\/agenciabrasil.ebc.com.br\/ebc.gif?id=1544303&amp;o=node\" class=\"lazyload\" style=\"width:1px; height:1px; display:inline;\"\/><\/p>\n<p>O <a href=\"https:\/\/www.in.gov.br\/web\/dou\/-\/edital-n-8-de-6-de-junho-de-2023-488616755\" target=\"_blank\" rel=\"noopener\">texto do edital<\/a> que estabeleceu o cronograma e os procedimentos relativos ao processo seletivo, a eventual pr\u00e9-sele\u00e7\u00e3o dos candidatos participantes da lista de espera ocorrer\u00e1 at\u00e9 o pr\u00f3ximo dia 29 de agosto.<\/p>\n<p>Os candidatos cujo nome consta na lista de espera dever\u00e3o acessar a p\u00e1gina do programa no endere\u00e7o eletr\u00f4nico, e complementar a inscri\u00e7\u00e3o para contratar o financiamento, no per\u00edodo de 3 (tr\u00eas) dias \u00fateis, contados do dia subsequente ao da pr\u00e9-sele\u00e7\u00e3o. Para isso, \u00e9 preciso acessar a p\u00e1gina do Fies Sele\u00e7\u00e3o, no <a href=\"https:\/\/acessounico.mec.gov.br\/fies\" target=\"_blank\" rel=\"noopener\">Portal \u00danico de Acesso ao Ensino Superior<\/a>, por meio da qual os candidatos tamb\u00e9m dever\u00e3o acompanhar o resultado do processo.<\/p>\n<p>A inclus\u00e3o do nome do candidato na lista de espera assegura apenas a expectativa dele ser pr\u00e9-selecionado \u00e0s vagas para as quais se inscreveu neste processo seletivo, estando a pr\u00e9-sele\u00e7\u00e3o condicionada \u00e0 disponibilidade de vaga no grupo de prefer\u00eancia e nos cursos de op\u00e7\u00e3o, bem como a observ\u00e2ncia das demais regras do programa.<\/p>\n<p>Criado em 2001, por meio de <a href=\"http:\/\/www.planalto.gov.br\/ccivil_03\/leis\/leis_2001\/l10260.htm]\" target=\"_blank\" rel=\"noopener\">lei espec\u00edfica<\/a>, o Fies concede financiamento a estudantes de cursos de gradua\u00e7\u00e3o, em institui\u00e7\u00f5es de educa\u00e7\u00e3o superior privadas participantes do programa e que tenham obtido avalia\u00e7\u00e3o positiva no Sistema Nacional de Avalia\u00e7\u00e3o da Educa\u00e7\u00e3o Superior (Sinaes).<\/p>\n<p>Para participar do programa, o candidato deve ter participado do Exame Nacional do Ensino M\u00e9dio (Enem) e obtido notas m\u00e9dias igual ou superior a 450 pontos e n\u00e3o ter zerado a reda\u00e7\u00e3o. A escala de financiamento varia conforme a renda familiar do candidato.<\/p>\n<\/p><\/div>\n<p><a href=\"https:\/\/agenciabrasil.ebc.com.br\/educacao\/noticia\/2023-07\/mec-divulga-resultado-da-lista-de-espera-do-fies-2023\">Fonte<\/a><\/p>\n","protected":false},"excerpt":{"rendered":"<p>O Minist\u00e9rio da Educa\u00e7\u00e3o (MEC) divulgou hoje (18) a lista de espera dos candidatos ao Fundo de Financiamento Estudantil (Fies) do segundo semestre de 2023. A pasta utiliza a rela\u00e7\u00e3o para preencher as vagas eventualmente n\u00e3o ocupadas em institui\u00e7\u00f5es privadas de ensino superior. O texto do edital que estabeleceu o cronograma e os procedimentos relativos [&hellip;]<\/p>\n","protected":false},"author":1,"featured_media":53,"comment_status":"open","ping_status":"open","sticky":false,"template":"","format":"standard","meta":{"footnotes":""},"categories":[5],"tags":[],"_links":{"self":[{"href":"https:\/\/digitalizandosites.com.br\/noticias03\/wp-json\/wp\/v2\/posts\/52"}],"collection":[{"href":"https:\/\/digitalizandosites.com.br\/noticias03\/wp-json\/wp\/v2\/posts"}],"about":[{"href":"https:\/\/digitalizandosites.com.br\/noticias03\/wp-json\/wp\/v2\/types\/post"}],"author":[{"embeddable":true,"href":"https:\/\/digitalizandosites.com.br\/noticias03\/wp-json\/wp\/v2\/users\/1"}],"replies":[{"embeddable":true,"href":"https:\/\/digitalizandosites.com.br\/noticias03\/wp-json\/wp\/v2\/comments?post=52"}],"version-history":[{"count":1,"href":"https:\/\/digitalizandosites.com.br\/noticias03\/wp-json\/wp\/v2\/posts\/52\/revisions"}],"predecessor-version":[{"id":12696,"href":"https:\/\/digitalizandosites.com.br\/noticias03\/wp-json\/wp\/v2\/posts\/52\/revisions\/12696"}],"wp:featuredmedia":[{"embeddable":true,"href":"https:\/\/digitalizandosites.com.br\/noticias03\/wp-json\/wp\/v2\/media\/53"}],"wp:attachment":[{"href":"https:\/\/digitalizandosites.com.br\/noticias03\/wp-json\/wp\/v2\/media?parent=52"}],"wp:term":[{"taxonomy":"category","embeddable":true,"href":"https:\/\/digitalizandosites.com.br\/noticias03\/wp-json\/wp\/v2\/categories?post=52"},{"taxonomy":"post_tag","embeddable":true,"href":"https:\/\/digitalizandosites.com.br\/noticias03\/wp-json\/wp\/v2\/tags?post=52"}],"curies":[{"name":"wp","href":"https:\/\/api.w.org\/{rel}","templated":true}]}}