{"id":50,"date":"2023-07-19T05:40:26","date_gmt":"2023-07-19T05:40:26","guid":{"rendered":"https:\/\/noticias.webunitystudio.site\/modelo23\/mulheres-de-ocupacao-lancam-colecao-com-tecidos-de-reuso-em-osasco\/"},"modified":"2024-03-15T18:04:11","modified_gmt":"2024-03-15T18:04:11","slug":"mulheres-de-ocupacao-lancam-colecao-com-tecidos-de-reuso-em-osasco","status":"publish","type":"post","link":"https:\/\/digitalizandosites.com.br\/noticias03\/mulheres-de-ocupacao-lancam-colecao-com-tecidos-de-reuso-em-osasco\/","title":{"rendered":"Mulheres de ocupa\u00e7\u00e3o lan\u00e7am cole\u00e7\u00e3o com tecidos de reuso em Osasco &#8211; Artigo de Exemplo"},"content":{"rendered":"<p><\/p>\n<div>\n<p>\u201c\u00c9 surreal ter uma nova profiss\u00e3o depois dos 40 [anos]\u201d. O relato surpreso da costureira Mara Lopes \u00e9 resultado de uma trajet\u00f3ria que envolve organiza\u00e7\u00e3o coletiva e oportunidade de capacita\u00e7\u00e3o. As dificuldades impostas pela pandemia uniram mulheres da Ocupa\u00e7\u00e3o Esperan\u00e7a, na cidade de Osasco, no estado de S\u00e3o Paulo, onde elas buscaram formas de se profissionalizar e melhorar a realidade.\u00a0<img decoding=\"async\" src=\"data:image\/gif;base64,R0lGODlhAQABAAAAACH5BAEKAAEALAAAAAABAAEAAAICTAEAOw==\" data-src=\"https:\/\/agenciabrasil.ebc.com.br\/ebc.png?id=1544274&amp;o=node\" class=\"lazyload\" style=\"width:1px; height:1px; display:inline;\"\/><img decoding=\"async\" src=\"data:image\/gif;base64,R0lGODlhAQABAAAAACH5BAEKAAEALAAAAAABAAEAAAICTAEAOw==\" data-src=\"https:\/\/agenciabrasil.ebc.com.br\/ebc.gif?id=1544274&amp;o=node\" class=\"lazyload\" style=\"width:1px; height:1px; display:inline;\"\/><\/p>\n<div class=\"dnd-widget-wrapper context-medio_4colunas type-image atom-align-left\">\n<div class=\"dnd-atom-rendered\"><!-- scald=337415:medio_4colunas {\"additionalClasses\":\"\"} --><\/p>\n<div class=\"shadow overflow-hidden rounded-lg d-block zoom-on-hover-sm shadow-hover w-100\">\n            <img decoding=\"async\" src=\"data:image\/gif;base64,R0lGODlhAQABAAAAACH5BAEKAAEALAAAAAABAAEAAAICTAEAOw==\" data-src=\"https:\/\/agenciabrasil.ebc.com.br\/sites\/default\/files\/thumbnails\/image\/loading_v2.gif\" data-echo=\"https:\/\/imagens.ebc.com.br\/SbZlyUieUsLsLgJFJpF5LiVQRS4=\/365x0\/smart\/https:\/\/agenciabrasil.ebc.com.br\/sites\/default\/files\/thumbnails\/image\/oficina_costura07_0.jpg?itok=j93EbY2E\" alt=\"Osasco (SP) 17\/07\/2023 - Coletivo de mulheres da Ocupa\u00e7\u00e3o Esperan\u00e7a, em Osasco, montaram uma oficina de costura e aprenderam o of\u00edcio a partir de uma iniciativa do Sesc, o coletivo tamb\u00e9m fez uma cole\u00e7\u00e3o de roupas e far\u00e3o um desfile para melhorar a renda familiar.&#13;&#10;Foto:Paulo Pinto\/Ag\u00eancia Brasil&#13;&#10;\" title=\"Paulo Pinto\/Ag\u0090\u00eancia Brasil\" class=\"flex-fill img-cover lazyload\"\/><br \/>\n        <noscript><img decoding=\"async\" src=\"data:image\/gif;base64,R0lGODlhAQABAAAAACH5BAEKAAEALAAAAAABAAEAAAICTAEAOw==\" data-src=\"https:\/\/imagens.ebc.com.br\/SbZlyUieUsLsLgJFJpF5LiVQRS4=\/365x0\/smart\/https:\/\/agenciabrasil.ebc.com.br\/sites\/default\/files\/thumbnails\/image\/oficina_costura07_0.jpg?itok=j93EbY2E\" alt=\"Osasco (SP) 17\/07\/2023 - Coletivo de mulheres da Ocupa\u00e7\u00e3o Esperan\u00e7a, em Osasco, montaram uma oficina de costura e aprenderam o of\u00edcio a partir de uma iniciativa do Sesc, o coletivo tamb\u00e9m fez uma cole\u00e7\u00e3o de roupas e far\u00e3o um desfile para melhorar a renda familiar.&#13;&#10;Foto:Paulo Pinto\/Ag\u00eancia Brasil&#13;&#10;\" title=\"Paulo Pinto\/Ag\u0090\u00eancia Brasil\" class=\"flex-fill img-cover lazyload\"\/><\/noscript>\n    <\/div>\n<p><!-- END scald=337415 --><\/div>\n<p><h6 class=\"meta\"><!--copyright=337415-->Unidas, elas montaram uma oficina de costura e aprenderam o of\u00edcio a partir de uma iniciativa do Sesc &#8211; <strong>Paulo Pinto\/Ag\u0090\u00eancia Brasil<\/strong><!--END copyright=337415--><\/h6>\n<\/p>\n<\/div>\n<p>Em 2021, Mara perdeu o emprego de cozinheira e, no mesmo ano, por meio de iniciativa do Movimento Luta Popular, do qual \u00e9 integrante, ajudou a montar uma oficina de costura no terreno da ocupa\u00e7\u00e3o. \u201cA costura est\u00e1 sendo bem importante porque, al\u00e9m de aprender uma profiss\u00e3o que eu nunca imaginei que aprenderia, ter uma renda atrav\u00e9s dessa nova profiss\u00e3o que eu tenho agora \u00e9 muito bom mesmo\u201d, relata.\u00a0<\/p>\n<p>\u201cQuando a gente conseguiu montar o espa\u00e7o, n\u00f3s conseguimos as m\u00e1quinas de doa\u00e7\u00f5es, a gente colocou no grupo da comunidade: a gente est\u00e1 com o nosso projeto, quem quiser aprender a gente est\u00e1 atr\u00e1s de parceiros para dar o curso. As mulheres interessadas come\u00e7aram a passar os nomes\u201d, diz.\u00a0<\/p>\n<p>Uma delas foi Lucilene Amaral da Rocha, 32 anos, m\u00e3e de tr\u00eas filhos. Ela s\u00f3 havia trabalhado nos cuidados de casa at\u00e9 o in\u00edcio da pandemia, fez m\u00e1scaras para complementar a renda da fam\u00edlia e acabou encontrando um of\u00edcio a partir da iniciativa da oficina coletiva.\u00a0<\/p>\n<p>Entre as colegas de costura, Lucilene \u00e9 chamada de professora. \u201cEla que se destaca na costura, \u00e9 nela que a gente se auxilia. Ela fala que n\u00e3o, mas ela sabe que sim\u201d, garante Maura, que ressalta a import\u00e2ncia da organiza\u00e7\u00e3o coletiva tanto para a constru\u00e7\u00e3o da oficina, que recebeu doa\u00e7\u00f5es, como para o aprendizado da costura do grupo, que se beneficia do compartilhamento do conhecimento.<\/p>\n<h2>Tecidos, linhas e agulhas<\/h2>\n<p>Assim que surgiu a ideia da oficina, o espa\u00e7o recebeu doa\u00e7\u00f5es de m\u00e1quinas industriais e outros equipamentos do Sindicato dos Trabalhadores no Servi\u00e7o P\u00fablico Federal no Estado de S\u00e3o Paulo, al\u00e9m de doa\u00e7\u00e3o de pessoas que se identificaram com o projeto, possibilitando a compra de retalhos de tecidos, linhas, agulha e tesouras. No ano seguinte, em 2022, uma parceria com o Servi\u00e7o Social do Com\u00e9rcio (Sesc Osasco) resultou na oportunidade de capacita\u00e7\u00e3o das mulheres pelas empreendedoras do Atelier Mandarins.\u00a0<\/p>\n<p>\u201cA diferen\u00e7a [em participar da oficina coletiva] \u00e9 que, em casa, eu n\u00e3o teria a capacidade que eu estou tendo agora. Porque n\u00e3o teria as m\u00e1quinas melhores, n\u00e3o teria conhecimento delas [colegas] e o conhecimento que professoras passaram para mim. Eu n\u00e3o estaria fazendo o que eu consigo fazer hoje\u201d, conta Lucilene.\u00a0<\/p>\n<div class=\"dnd-widget-wrapper context-cheio_8colunas type-image\">\n<div class=\"dnd-atom-rendered\"><!-- scald=337416:cheio_8colunas --><\/p>\n<div class=\"shadow overflow-hidden rounded-lg d-block zoom-on-hover-sm shadow-hover w-100\">\n            <img decoding=\"async\" src=\"data:image\/gif;base64,R0lGODlhAQABAAAAACH5BAEKAAEALAAAAAABAAEAAAICTAEAOw==\" data-src=\"https:\/\/agenciabrasil.ebc.com.br\/sites\/default\/files\/thumbnails\/image\/loading_v2.gif\" data-echo=\"https:\/\/imagens.ebc.com.br\/HrTD9Ff_GWjA-i2vRsGius4nH0E=\/754x0\/smart\/https:\/\/agenciabrasil.ebc.com.br\/sites\/default\/files\/thumbnails\/image\/oficina_costura08_0.jpg?itok=2rPflvCa\" alt=\"Osasco (SP) 17\/07\/2023 - Coletivo de mulheres da Ocupa\u00e7\u00e3o Esperan\u00e7a, em Osasco, montaram uma oficina de costura e aprenderam o of\u00edcio a partir de uma iniciativa do Sesc, o coletivo tamb\u00e9m fez uma cole\u00e7\u00e3o de roupas e far\u00e3o um desfile para melhorar a renda familiar.&#13;&#10;Foto:Paulo Pinto\/Ag\u00eancia Brasil&#13;&#10;\" title=\"Paulo Pinto\/Ag\u0090\u00eancia Brasil\" class=\"flex-fill img-cover lazyload\"\/><br \/>\n        <noscript><img decoding=\"async\" src=\"data:image\/gif;base64,R0lGODlhAQABAAAAACH5BAEKAAEALAAAAAABAAEAAAICTAEAOw==\" data-src=\"https:\/\/imagens.ebc.com.br\/HrTD9Ff_GWjA-i2vRsGius4nH0E=\/754x0\/smart\/https:\/\/agenciabrasil.ebc.com.br\/sites\/default\/files\/thumbnails\/image\/oficina_costura08_0.jpg?itok=2rPflvCa\" alt=\"Osasco (SP) 17\/07\/2023 - Coletivo de mulheres da Ocupa\u00e7\u00e3o Esperan\u00e7a, em Osasco, montaram uma oficina de costura e aprenderam o of\u00edcio a partir de uma iniciativa do Sesc, o coletivo tamb\u00e9m fez uma cole\u00e7\u00e3o de roupas e far\u00e3o um desfile para melhorar a renda familiar.&#13;&#10;Foto:Paulo Pinto\/Ag\u00eancia Brasil&#13;&#10;\" title=\"Paulo Pinto\/Ag\u0090\u00eancia Brasil\" class=\"flex-fill img-cover lazyload\"\/><\/noscript>\n    <\/div>\n<p><!-- END scald=337416 --><\/div>\n<p><h6 class=\"meta\"><!--copyright=337416-->Coletivo Ocupa\u00e7\u00e3o Esperan\u00e7a, em Osasco, mudou a perspectiva de vida de muitas mulheres<strong> Foto &#8211;<\/strong> <strong>Paulo Pinto\/Ag\u0090\u00eancia Brasil<\/strong><!--END copyright=337416--><\/h6>\n<\/p>\n<\/div>\n<p>Atualmente, ela \u00e9 respons\u00e1vel pelas contas de casa. Mas a satisfa\u00e7\u00e3o vai al\u00e9m da conquista financeira. \u201cDescobri uma pessoa que eu n\u00e3o sabia que tinha dentro de mim. Eu estou me sentindo independente, capaz. Antigamente, eu n\u00e3o sabia nem preencher um curr\u00edculo porque eu nunca trabalhei em lugar nenhum, s\u00f3 cuidando das crian\u00e7as mesmo. Para mim, hoje, isso aqui est\u00e1 sendo muito importante\u201d, aponta.<\/p>\n<p>Natalia Miranda, do Atelier Mandarins, destaca a pr\u00e1tica coletiva da costura deste grupo de mulheres. \u201cAqui se tornou um lugar de conv\u00edvio, as mulheres vinham aqui e contavam hist\u00f3rias, e elas falavam muito isso, que viram tamb\u00e9m um lugar para compartilhar coisas da vida. Era um momento do dia em que elas paravam de cuidar da casa e dos filhos, era tamb\u00e9m o momento de se conectar, de fazer v\u00ednculo e ao mesmo tempo de ir aprendendo um of\u00edcio,\u201d acentua.\u00a0<\/p>\n<div class=\"dnd-widget-wrapper context-grande_6colunas type-image atom-align-right\">\n<div class=\"dnd-atom-rendered\"><!-- scald=337413:grande_6colunas {\"additionalClasses\":\"\"} --><\/p>\n<div class=\"shadow overflow-hidden rounded-lg d-block zoom-on-hover-sm shadow-hover w-100\">\n            <img decoding=\"async\" src=\"data:image\/gif;base64,R0lGODlhAQABAAAAACH5BAEKAAEALAAAAAABAAEAAAICTAEAOw==\" data-src=\"https:\/\/agenciabrasil.ebc.com.br\/sites\/default\/files\/thumbnails\/image\/loading_v2.gif\" data-echo=\"https:\/\/imagens.ebc.com.br\/CNL7QVxyJk6DKXKQnX1Q9B0OvJk=\/463x0\/smart\/https:\/\/agenciabrasil.ebc.com.br\/sites\/default\/files\/thumbnails\/image\/oficina_costura05_0.jpg?itok=O3h-5b5v\" alt=\"Osasco (SP) 17\/07\/2023 - Coletivo de mulheres da Ocupa\u00e7\u00e3o Esperan\u00e7a, em Osasco, montaram uma oficina de costura e aprenderam o of\u00edcio a partir de uma iniciativa do Sesc, o coletivo tamb\u00e9m fez uma cole\u00e7\u00e3o de roupas e far\u00e3o um desfile para melhorar a renda familiar.&#13;&#10;Foto:Paulo Pinto\/Ag\u00eancia Brasil&#13;&#10;\" title=\"Paulo Pinto\/Ag\u0090\u00eancia Brasil\" class=\"flex-fill img-cover lazyload\"\/><br \/>\n        <noscript><img decoding=\"async\" src=\"data:image\/gif;base64,R0lGODlhAQABAAAAACH5BAEKAAEALAAAAAABAAEAAAICTAEAOw==\" data-src=\"https:\/\/imagens.ebc.com.br\/CNL7QVxyJk6DKXKQnX1Q9B0OvJk=\/463x0\/smart\/https:\/\/agenciabrasil.ebc.com.br\/sites\/default\/files\/thumbnails\/image\/oficina_costura05_0.jpg?itok=O3h-5b5v\" alt=\"Osasco (SP) 17\/07\/2023 - Coletivo de mulheres da Ocupa\u00e7\u00e3o Esperan\u00e7a, em Osasco, montaram uma oficina de costura e aprenderam o of\u00edcio a partir de uma iniciativa do Sesc, o coletivo tamb\u00e9m fez uma cole\u00e7\u00e3o de roupas e far\u00e3o um desfile para melhorar a renda familiar.&#13;&#10;Foto:Paulo Pinto\/Ag\u00eancia Brasil&#13;&#10;\" title=\"Paulo Pinto\/Ag\u0090\u00eancia Brasil\" class=\"flex-fill img-cover lazyload\"\/><\/noscript>\n    <\/div>\n<p><!-- END scald=337413 --><\/div>\n<p><h6 class=\"meta\"><!--copyright=337413-->Mulheres da Ocupa\u00e7\u00e3o Esperan\u00e7a montaram o espa\u00e7o da oficina com m\u00e1quinas doadas &#8211; <strong>Paulo Pinto\/Ag\u0090\u00eancia Brasil<\/strong><!--END copyright=337413--><\/h6>\n<\/p>\n<\/div>\n<p>\u201cElas desenrolaram muito bem, tem uma diferen\u00e7a gritante do ano passado para agora, elas est\u00e3o muito aut\u00f4nomas. Elas contam que j\u00e1 fizeram roupa para a fam\u00edlia, para vender e est\u00e3o aprendendo, nesta experi\u00eancia de agora, a dividir: como \u00e9 que voc\u00ea divide o trabalho para fluir melhor? Passou o per\u00edodo de aprendizado [de costurar] e elas est\u00e3o se organizando como \u00e9 que faz uma produ\u00e7\u00e3o mesmo de costura\u201d, avalia Natalia.<\/p>\n<p>Toda essa trajet\u00f3ria motivou um desfile de roupas, realizado no \u00faltimo s\u00e1bado (15), em evento do Sesc Osasco, com o tema Costura Circular. A experi\u00eancia a que Nat\u00e1lia se refere abrange a cria\u00e7\u00e3o e a produ\u00e7\u00e3o de uma cole\u00e7\u00e3o de pe\u00e7as por um grupo de quatro mulheres da ocupa\u00e7\u00e3o, nas \u00faltimas semanas, junto ao Mandarins, com inspira\u00e7\u00e3o em feiras de rua, a convite do Sesc Osasco. A partir de tecidos de reuso, as costureiras se basearam nas cores das frutas para suas cria\u00e7\u00f5es.<\/p>\n<p>\u201cElas est\u00e3o aprendendo a criar uma cole\u00e7\u00e3o, como fazer a composi\u00e7\u00e3o de <em>looks<\/em> e de combina\u00e7\u00e3o de cores. Ent\u00e3o, por exemplo, a pitaia tem a parte pink, com a parte de bolinhas que lembra o recheio da fruta. Das frutas, saiu a inspira\u00e7\u00e3o para desenvolver a cole\u00e7\u00e3o. Todo o material que a gente est\u00e1 usando \u00e9 de reuso. A gente foi atr\u00e1s de lojas, de fornecedores, que vendessem sobras de confec\u00e7\u00e3o, ent\u00e3o tamb\u00e9m tem a quest\u00e3o da sustentabilidade\u201d, conta B\u00e1rbara Gutmann, do Mandarins.<\/p>\n<h2>Mudan\u00e7a social<\/h2>\n<p>Claudete Greiner, programadora sociocultural do Sesc Osasco, reflete o quanto as atividades s\u00e3o significativas para promover uma mudan\u00e7a social. \u201cQuando a gente est\u00e1 numa unidade que \u00e9 perif\u00e9rica tem essa oportunidade de voc\u00ea fazer diferen\u00e7a dentro da comunidade, porque, afinal de contas, \u00e9 o Servi\u00e7o Social [do Com\u00e9rcio]. Com a pandemia, a gente, al\u00e9m de estar no mundo online, a gente teve que ver o que estava acontecendo l\u00e1 fora. Houve a a\u00e7\u00e3o das m\u00e1scaras, que a gente contratava costureiras, cooperativas, isso gerava renda e produzia m\u00e1scaras e a gente distribu\u00eda,\u201d acentua.<\/p>\n<p>A seguir, ela avalia que esse \u00e9 um modelo a ser expandido: ir at\u00e9 as comunidades, identificar necessidades e participar de solu\u00e7\u00f5es. \u201cEu acho que esse papel de estar dentro das comunidades contribuindo \u00e9 relevante. N\u00e3o \u00e9 falar &#8216;n\u00f3s vamos l\u00e1 e vamos ensinar a fazer tal coisa&#8217;. A primeira coisa \u00e9 escutar. Foi essa a primeira reuni\u00e3o que eu tive com as meninas: &#8216;o que voc\u00eas precisam, o que seria interessante para voc\u00eas?&#8217;\u201d, diz. Ela comemorou o resultado da capacita\u00e7\u00e3o em costura para a autonomia financeira das mulheres da Ocupa\u00e7\u00e3o Esperan\u00e7a.\u00a0<\/p>\n<p>A costureira Maria Jos\u00e9 Sales Soares, conhecida como Mara, de 63 anos, tamb\u00e9m aprendeu novo of\u00edcio a partir da oficina na ocupa\u00e7\u00e3o. As conex\u00f5es entre a demanda das mulheres e a oportunidade de forma\u00e7\u00e3o em costura se deram a partir dela, que participou de uma live organizada pelo Sesc Osasco para falar sobre direito \u00e0 moradia.\u00a0<\/p>\n<p>Vinda de Juazeiro do Norte, no Cear\u00e1, com quatro filhos e uma neta ap\u00f3s se separar do marido, ela mora h\u00e1 39 anos em Osasco e integra o Movimento Luta Popular. Hoje, ela mora com a filha e um neto, e o sustento da casa vem da costura. Questionada sobre se tornar-se costureira fez alguma diferen\u00e7a na renda da fam\u00edlia, ela responde: \u201cnossa, voc\u00ea nem imagina! Eu estava naquele sufoco, precisando mesmo\u201d. Durante a pandemia, uma filha de Mara descobriu um aneurisma e um cisto na cabe\u00e7a.\u00a0<\/p>\n<p>Apesar de ter uma m\u00e1quina em casa, ela prefere se juntar \u00e0s colegas na oficina para trabalhar. \u201cEu acho que rende mais, \u00e9 bom, n\u00e9? Tem hora que a gente se zanga uma com a outra, mas \u00e9 muito bom a parceria. A gente rende mais, vai conversando e vai ajudando. Se eu n\u00e3o sei, a outra j\u00e1 sabe. Aqui, a gente conversa e se diverte\u201d, finaliza.<\/p>\n<\/p><\/div>\n<p><a href=\"https:\/\/agenciabrasil.ebc.com.br\/economia\/noticia\/2023-07\/mulheres-de-ocupacao-lancam-colecao-com-tecido-de-reuso-em-osasco\">Fonte<\/a><\/p>\n","protected":false},"excerpt":{"rendered":"<p>\u201c\u00c9 surreal ter uma nova profiss\u00e3o depois dos 40 [anos]\u201d. O relato surpreso da costureira Mara Lopes \u00e9 resultado de uma trajet\u00f3ria que envolve organiza\u00e7\u00e3o coletiva e oportunidade de capacita\u00e7\u00e3o. As dificuldades impostas pela pandemia uniram mulheres da Ocupa\u00e7\u00e3o Esperan\u00e7a, na cidade de Osasco, no estado de S\u00e3o Paulo, onde elas buscaram formas de se [&hellip;]<\/p>\n","protected":false},"author":1,"featured_media":51,"comment_status":"open","ping_status":"open","sticky":false,"template":"","format":"standard","meta":{"footnotes":""},"categories":[4],"tags":[],"_links":{"self":[{"href":"https:\/\/digitalizandosites.com.br\/noticias03\/wp-json\/wp\/v2\/posts\/50"}],"collection":[{"href":"https:\/\/digitalizandosites.com.br\/noticias03\/wp-json\/wp\/v2\/posts"}],"about":[{"href":"https:\/\/digitalizandosites.com.br\/noticias03\/wp-json\/wp\/v2\/types\/post"}],"author":[{"embeddable":true,"href":"https:\/\/digitalizandosites.com.br\/noticias03\/wp-json\/wp\/v2\/users\/1"}],"replies":[{"embeddable":true,"href":"https:\/\/digitalizandosites.com.br\/noticias03\/wp-json\/wp\/v2\/comments?post=50"}],"version-history":[{"count":1,"href":"https:\/\/digitalizandosites.com.br\/noticias03\/wp-json\/wp\/v2\/posts\/50\/revisions"}],"predecessor-version":[{"id":12697,"href":"https:\/\/digitalizandosites.com.br\/noticias03\/wp-json\/wp\/v2\/posts\/50\/revisions\/12697"}],"wp:featuredmedia":[{"embeddable":true,"href":"https:\/\/digitalizandosites.com.br\/noticias03\/wp-json\/wp\/v2\/media\/51"}],"wp:attachment":[{"href":"https:\/\/digitalizandosites.com.br\/noticias03\/wp-json\/wp\/v2\/media?parent=50"}],"wp:term":[{"taxonomy":"category","embeddable":true,"href":"https:\/\/digitalizandosites.com.br\/noticias03\/wp-json\/wp\/v2\/categories?post=50"},{"taxonomy":"post_tag","embeddable":true,"href":"https:\/\/digitalizandosites.com.br\/noticias03\/wp-json\/wp\/v2\/tags?post=50"}],"curies":[{"name":"wp","href":"https:\/\/api.w.org\/{rel}","templated":true}]}}