{"id":35,"date":"2023-07-19T05:39:07","date_gmt":"2023-07-19T05:39:07","guid":{"rendered":"https:\/\/noticias.webunitystudio.site\/modelo23\/parceria-capacita-jovens-em-semiliberdade-com-cursos-do-senac-rj\/"},"modified":"2024-03-15T18:04:28","modified_gmt":"2024-03-15T18:04:28","slug":"parceria-capacita-jovens-em-semiliberdade-com-cursos-do-senac-rj","status":"publish","type":"post","link":"https:\/\/digitalizandosites.com.br\/noticias03\/parceria-capacita-jovens-em-semiliberdade-com-cursos-do-senac-rj\/","title":{"rendered":"Parceria capacita jovens em semiliberdade com cursos do Senac-RJ &#8211; Artigo de Exemplo"},"content":{"rendered":"<p><\/p>\n<div>\n<p>Jovens\u00a0em regime de semliberdade do sistema prisional, seus familiares e egressos do sistema\u00a0receber\u00e3o capacita\u00e7\u00e3o em cursos oferecidos pelo Senac-RJ. Ser\u00e3o ofertadas, a partir de agosto, aulas\u00a0de inform\u00e1tica fundamental e de habilidades socioemocionais, e qualifica\u00e7\u00e3o em diversas \u00e1reas de atua\u00e7\u00e3o, como tecnologia, inova\u00e7\u00e3o, beleza, gastronomia, turismo, moda, design, entre outros.\u00a0<img decoding=\"async\" src=\"data:image\/gif;base64,R0lGODlhAQABAAAAACH5BAEKAAEALAAAAAABAAEAAAICTAEAOw==\" data-src=\"https:\/\/agenciabrasil.ebc.com.br\/ebc.png?id=1544424&amp;o=node\" class=\"lazyload\" style=\"width:1px; height:1px; display:inline;\"\/><img decoding=\"async\" src=\"data:image\/gif;base64,R0lGODlhAQABAAAAACH5BAEKAAEALAAAAAABAAEAAAICTAEAOw==\" data-src=\"https:\/\/agenciabrasil.ebc.com.br\/ebc.gif?id=1544424&amp;o=node\" class=\"lazyload\" style=\"width:1px; height:1px; display:inline;\"\/><\/p>\n<p>A medida \u00e9 uma parceria entre\u00a0Senac RJ e o Departamento Geral de A\u00e7\u00f5es Socioeducativas do Rio de Janeiro\u00a0(Degase),\u00a0vinculado \u00e0 Secretaria Estadual de Educa\u00e7\u00e3o.<\/p>\n<p>Os jovens\u00a0ter\u00e3o acesso a vagas gratuitas de cursos e\u00a0poder\u00e3o escolher o que estudar, em ambiente de aprendizagem regular de ensino nas unidades Senac-RJ.\u00a0<\/p>\n<p>De acordo com o\u00a0Degase, cerca de 700 menores de idade\u00a0cumprem\u00a0medidas socioeducativas. A\u00a0reincid\u00eancia chega a 46%. \u201cQueremos reduzir esse n\u00famero para 4%, pois nossa inten\u00e7\u00e3o \u00e9 que os jovens continuem a fazer os cursos ap\u00f3s cumprirem as medidas\u201d, diz o diretor do departamento, Victor Hugo Poubel, em nota.\u00a0<\/p>\n<\/p><\/div>\n<p><a href=\"https:\/\/agenciabrasil.ebc.com.br\/geral\/noticia\/2023-07\/parceria-capacita-jovens-em-semiliberdade-com-cursos-do-senac-rj\">Fonte<\/a><\/p>\n","protected":false},"excerpt":{"rendered":"<p>Jovens\u00a0em regime de semliberdade do sistema prisional, seus familiares e egressos do sistema\u00a0receber\u00e3o capacita\u00e7\u00e3o em cursos oferecidos pelo Senac-RJ. Ser\u00e3o ofertadas, a partir de agosto, aulas\u00a0de inform\u00e1tica fundamental e de habilidades socioemocionais, e qualifica\u00e7\u00e3o em diversas \u00e1reas de atua\u00e7\u00e3o, como tecnologia, inova\u00e7\u00e3o, beleza, gastronomia, turismo, moda, design, entre outros.\u00a0 A medida \u00e9 uma parceria entre\u00a0Senac [&hellip;]<\/p>\n","protected":false},"author":1,"featured_media":0,"comment_status":"open","ping_status":"open","sticky":false,"template":"","format":"standard","meta":{"footnotes":""},"categories":[3],"tags":[],"_links":{"self":[{"href":"https:\/\/digitalizandosites.com.br\/noticias03\/wp-json\/wp\/v2\/posts\/35"}],"collection":[{"href":"https:\/\/digitalizandosites.com.br\/noticias03\/wp-json\/wp\/v2\/posts"}],"about":[{"href":"https:\/\/digitalizandosites.com.br\/noticias03\/wp-json\/wp\/v2\/types\/post"}],"author":[{"embeddable":true,"href":"https:\/\/digitalizandosites.com.br\/noticias03\/wp-json\/wp\/v2\/users\/1"}],"replies":[{"embeddable":true,"href":"https:\/\/digitalizandosites.com.br\/noticias03\/wp-json\/wp\/v2\/comments?post=35"}],"version-history":[{"count":1,"href":"https:\/\/digitalizandosites.com.br\/noticias03\/wp-json\/wp\/v2\/posts\/35\/revisions"}],"predecessor-version":[{"id":12705,"href":"https:\/\/digitalizandosites.com.br\/noticias03\/wp-json\/wp\/v2\/posts\/35\/revisions\/12705"}],"wp:attachment":[{"href":"https:\/\/digitalizandosites.com.br\/noticias03\/wp-json\/wp\/v2\/media?parent=35"}],"wp:term":[{"taxonomy":"category","embeddable":true,"href":"https:\/\/digitalizandosites.com.br\/noticias03\/wp-json\/wp\/v2\/categories?post=35"},{"taxonomy":"post_tag","embeddable":true,"href":"https:\/\/digitalizandosites.com.br\/noticias03\/wp-json\/wp\/v2\/tags?post=35"}],"curies":[{"name":"wp","href":"https:\/\/api.w.org\/{rel}","templated":true}]}}