{"id":33,"date":"2023-07-19T05:39:03","date_gmt":"2023-07-19T05:39:03","guid":{"rendered":"https:\/\/noticias.webunitystudio.site\/modelo23\/ferramenta-permite-comparar-situacao-de-equidade-racial-e-de-genero\/"},"modified":"2024-03-15T18:04:30","modified_gmt":"2024-03-15T18:04:30","slug":"ferramenta-permite-comparar-situacao-de-equidade-racial-e-de-genero","status":"publish","type":"post","link":"https:\/\/digitalizandosites.com.br\/noticias03\/ferramenta-permite-comparar-situacao-de-equidade-racial-e-de-genero\/","title":{"rendered":"Ferramenta permite comparar situa\u00e7\u00e3o de equidade racial e de genero &#8211; Artigo de Exemplo"},"content":{"rendered":"<p><\/p>\n<div>\n<p>Uma nova ferramenta do Centro de Estudos das Rela\u00e7\u00f5es de Trabalho e Desigualdades (CEERT) possibilita gratuitamente a qualquer empresa, instituto ou funda\u00e7\u00e3o, comparar a composi\u00e7\u00e3o racial e de g\u00eanero de seu quadro de funcion\u00e1rios com as demais organiza\u00e7\u00f5es de sua regi\u00e3o, e tamb\u00e9m com a composi\u00e7\u00e3o da popula\u00e7\u00e3o local.<img decoding=\"async\" src=\"data:image\/gif;base64,R0lGODlhAQABAAAAACH5BAEKAAEALAAAAAABAAEAAAICTAEAOw==\" data-src=\"https:\/\/agenciabrasil.ebc.com.br\/ebc.png?id=1544425&amp;o=node\" class=\"lazyload\" style=\"width:1px; height:1px; display:inline;\"\/><img decoding=\"async\" src=\"data:image\/gif;base64,R0lGODlhAQABAAAAACH5BAEKAAEALAAAAAABAAEAAAICTAEAOw==\" data-src=\"https:\/\/agenciabrasil.ebc.com.br\/ebc.gif?id=1544425&amp;o=node\" class=\"lazyload\" style=\"width:1px; height:1px; display:inline;\"\/><\/p>\n<p>A ferramenta, chamada de Radar CEERT, utiliza como fontes a Pesquisa Nacional por Amostra de Domic\u00edlios Cont\u00ednua (PNAD Cont\u00ednua), do Instituto Brasileiro de Geografia e Estat\u00edstica (IBGE) e da Rela\u00e7\u00e3o Anual de Informa\u00e7\u00f5es Sociais (RAIS).<\/p>\n<p>\u201c\u00c9 poss\u00edvel que as organiza\u00e7\u00f5es coloquem informa\u00e7\u00f5es na plataforma, quantidade de mulheres e homens brancos, ou mulheres e homens negros, quantos em cargos de lideran\u00e7a, por exemplo. O sistema faz automaticamente uma compara\u00e7\u00e3o, tanto com setor daquela empresa, como com a popula\u00e7\u00e3o, e devolve a ela esse recorte\u201d, explica o soci\u00f3logo e coordenador da \u00e1rea de Estat\u00edstica do CEERT, M\u00e1rio Rog\u00e9rio Silva.<\/p>\n<p>De acordo com o soci\u00f3logo, a compara\u00e7\u00e3o abre caminho para que as organiza\u00e7\u00f5es corrijam, nas pr\u00f3ximas contrata\u00e7\u00f5es de empregados, eventuais desequil\u00edbrios nos seus quadros funcionais em compara\u00e7\u00e3o \u00e0 diversidade local ou das empresas pares.\u00a0<\/p>\n<p>\u201cSe estou em uma organiza\u00e7\u00e3o na Bahia, ent\u00e3o a propor\u00e7\u00e3o de negros tem que estar condizente com a realidade da Bahia. Se eu estou em S\u00e3o Paulo, a realidade e as refer\u00eancias precisam ser de S\u00e3o Paulo.\u00a0 A gente quer que as institui\u00e7\u00f5es se olhem e vejam como est\u00e3o seus pares, vejam como est\u00e1 a sociedade, e tentem trazer essa diversidade de forma a contemplar todos os grupos que ali est\u00e3o presentes\u201d, acrescenta Silva.<\/p>\n<p>Al\u00e9m da plataforma, as empresas podem acessar um guia com orienta\u00e7\u00f5es para a realiza\u00e7\u00e3o de a\u00e7\u00f5es concretas e pr\u00e1ticas em rela\u00e7\u00e3o \u00e0 equidade racial e \u00e0 diversidade. \u201cO guia faz parte da plataforma e apresenta dados gerais. Mostra como podem ser feitos os diagn\u00f3sticos e reflete sobre temas como governan\u00e7a, engajamento, papel da lideran\u00e7a, do RH e da comunica\u00e7\u00e3o\u201d, destaca a autora do guia, J\u00falia Rosemberg, psic\u00f3loga e consultora em rela\u00e7\u00f5es raciais e de g\u00eanero do CEERT.\u00a0<\/p>\n<p>A plataforma Radar CEERT pode ser acessada em <a href=\"http:\/\/ceert.org.br\/esg\" target=\"_blank\" rel=\"noopener\">site<\/a>.<\/p>\n<\/p><\/div>\n<p><a href=\"https:\/\/agenciabrasil.ebc.com.br\/geral\/noticia\/2023-07\/ferramenta-permite-comparar-situacao-de-equidade-racial-e-de-genero\">Fonte<\/a><\/p>\n","protected":false},"excerpt":{"rendered":"<p>Uma nova ferramenta do Centro de Estudos das Rela\u00e7\u00f5es de Trabalho e Desigualdades (CEERT) possibilita gratuitamente a qualquer empresa, instituto ou funda\u00e7\u00e3o, comparar a composi\u00e7\u00e3o racial e de g\u00eanero de seu quadro de funcion\u00e1rios com as demais organiza\u00e7\u00f5es de sua regi\u00e3o, e tamb\u00e9m com a composi\u00e7\u00e3o da popula\u00e7\u00e3o local. A ferramenta, chamada de Radar CEERT, [&hellip;]<\/p>\n","protected":false},"author":1,"featured_media":34,"comment_status":"open","ping_status":"open","sticky":false,"template":"","format":"standard","meta":{"footnotes":""},"categories":[3],"tags":[],"_links":{"self":[{"href":"https:\/\/digitalizandosites.com.br\/noticias03\/wp-json\/wp\/v2\/posts\/33"}],"collection":[{"href":"https:\/\/digitalizandosites.com.br\/noticias03\/wp-json\/wp\/v2\/posts"}],"about":[{"href":"https:\/\/digitalizandosites.com.br\/noticias03\/wp-json\/wp\/v2\/types\/post"}],"author":[{"embeddable":true,"href":"https:\/\/digitalizandosites.com.br\/noticias03\/wp-json\/wp\/v2\/users\/1"}],"replies":[{"embeddable":true,"href":"https:\/\/digitalizandosites.com.br\/noticias03\/wp-json\/wp\/v2\/comments?post=33"}],"version-history":[{"count":1,"href":"https:\/\/digitalizandosites.com.br\/noticias03\/wp-json\/wp\/v2\/posts\/33\/revisions"}],"predecessor-version":[{"id":12706,"href":"https:\/\/digitalizandosites.com.br\/noticias03\/wp-json\/wp\/v2\/posts\/33\/revisions\/12706"}],"wp:featuredmedia":[{"embeddable":true,"href":"https:\/\/digitalizandosites.com.br\/noticias03\/wp-json\/wp\/v2\/media\/34"}],"wp:attachment":[{"href":"https:\/\/digitalizandosites.com.br\/noticias03\/wp-json\/wp\/v2\/media?parent=33"}],"wp:term":[{"taxonomy":"category","embeddable":true,"href":"https:\/\/digitalizandosites.com.br\/noticias03\/wp-json\/wp\/v2\/categories?post=33"},{"taxonomy":"post_tag","embeddable":true,"href":"https:\/\/digitalizandosites.com.br\/noticias03\/wp-json\/wp\/v2\/tags?post=33"}],"curies":[{"name":"wp","href":"https:\/\/api.w.org\/{rel}","templated":true}]}}