{"id":27,"date":"2023-07-19T05:38:34","date_gmt":"2023-07-19T05:38:34","guid":{"rendered":"https:\/\/noticias.webunitystudio.site\/modelo23\/bndes-e-fundo-da-onu-lancam-edital-de-r-1-bi-para-sertao-nordestino\/"},"modified":"2024-03-15T18:04:36","modified_gmt":"2024-03-15T18:04:36","slug":"bndes-e-fundo-da-onu-lancam-edital-de-r-1-bi-para-sertao-nordestino","status":"publish","type":"post","link":"https:\/\/digitalizandosites.com.br\/noticias03\/bndes-e-fundo-da-onu-lancam-edital-de-r-1-bi-para-sertao-nordestino\/","title":{"rendered":"BNDES e fundo da ONU lan\u00e7am edital de R$ 1 bi para sert\u00e3o nordestino &#8211; Artigo de Exemplo"},"content":{"rendered":"<p><\/p>\n<div>\n<p>Cerca de 250 mil fam\u00edlias de produtores rurais de quatro estados do semi\u00e1rido nordestino poder\u00e3o ter \u00e0 disposi\u00e7\u00e3o cerca de R$ 1 bilh\u00e3o para desenvolvimento de projetos de seguran\u00e7a alimentar e de adapta\u00e7\u00e3o \u00e0s mudan\u00e7as clim\u00e1ticas. Em parceria com o Fundo Internacional de Desenvolvimento Agr\u00edcola (Fida), da Organiza\u00e7\u00e3o das Na\u00e7\u00f5es Unidas (ONU), o Banco Nacional de Desenvolvimento Econ\u00f4mico e Social (BNDES) lan\u00e7ou o edital Sert\u00e3o Vivo. At\u00e9 quatro projetos ser\u00e3o escolhidos.<img decoding=\"async\" src=\"data:image\/gif;base64,R0lGODlhAQABAAAAACH5BAEKAAEALAAAAAABAAEAAAICTAEAOw==\" data-src=\"https:\/\/agenciabrasil.ebc.com.br\/ebc.png?id=1544429&amp;o=node\" class=\"lazyload\" style=\"width:1px; height:1px; display:inline;\"\/><img decoding=\"async\" src=\"data:image\/gif;base64,R0lGODlhAQABAAAAACH5BAEKAAEALAAAAAABAAEAAAICTAEAOw==\" data-src=\"https:\/\/agenciabrasil.ebc.com.br\/ebc.gif?id=1544429&amp;o=node\" class=\"lazyload\" style=\"width:1px; height:1px; display:inline;\"\/><\/p>\n<p>A cerim\u00f4nia de lan\u00e7amento ocorreu nesta ter\u00e7a-feira (18) na sede do Cons\u00f3rcio Nordeste, entidade que re\u00fane os nove governadores da regi\u00e3o, em Bras\u00edlia. Al\u00e9m dos presidentes do BNDES, Aloizio Mercadante, e do Fida, \u00c1lvaro Lario, o evento teve a participa\u00e7\u00e3o do ministro do Desenvolvimento Agr\u00e1rio e Agricultura Familiar, Paulo Teixeira, e da governadora do Rio Grande do Norte, F\u00e1tima Bezerra, representando o Cons\u00f3rcio Nordeste.<\/p>\n<p>Segundo Lario, a iniciativa atender\u00e1 cerca de 1 milh\u00e3o de pessoas em 84 mil hectares. Os projetos ter\u00e3o foco nos agricultores familiares, incluindo comunidades tradicionais e povos ind\u00edgenas, dos quais 40% mulheres e 50% jovens. Eles receber\u00e3o capacita\u00e7\u00e3o para aumentar a resili\u00eancia dos sistemas de produ\u00e7\u00e3o agr\u00edcola, conservar recursos h\u00eddricos e restaurar ecossistemas degradados.<\/p>\n<p>Os quatro projetos a serem selecionados receber\u00e3o apoio direto reembols\u00e1vel (pagando de volta ao BNDES) e n\u00e3o reembols\u00e1vel (com dinheiro usado para investimentos sem a necessidade de devolu\u00e7\u00e3o). A parcela n\u00e3o reembols\u00e1vel ser\u00e1 empregada na instala\u00e7\u00e3o de 21 mil cisternas e de 16 mil unidades para tratamento e reuso de \u00e1guas residuais dom\u00e9sticas. Embora a primeira fase atenda apenas a quatro estados, o presidente do BNDES disse que pretende expandir o programa para os nove estados do Nordeste.<\/p>\n<p>A maior parte dos recursos para a iniciativa vir\u00e1 dos US$ 129,5 milh\u00f5es (cerca de R$ 630 milh\u00f5es pela cota\u00e7\u00e3o atual) repassados pelo Fida ao BNDES. Os estados selecionados e o BNDES acrescentar\u00e3o, juntos, mais US$ 73 milh\u00f5es (cerca de R$ 350,4 milh\u00f5es pela cota\u00e7\u00e3o atual) como contrapartida, totalizando quase R$ 1,05 bilh\u00e3o.<\/p>\n<p>Ag\u00eancia especializada das Na\u00e7\u00f5es Unidas, o Fida opera com recursos do Green Climate Fund (GCF), bra\u00e7o da ONU que financia com juros baixos a ado\u00e7\u00e3o das metas do Acordo de Paris.<\/p>\n<h2>Caatinga<\/h2>\n<p>Durante o lan\u00e7amento do edital, o presidente da Fida disse que o projeto \u00e9 importante para preservar a caatinga, bioma amea\u00e7ado pelas mudan\u00e7as clim\u00e1ticas. \u201cO Fida est\u00e1 muito satisfeito e honrado em ter o BNDES como seu novo e grande aliado para o desenvolvimento no semi\u00e1rido nordestino, principalmente em valorizar e galvanizar a aten\u00e7\u00e3o internacional ao bioma caatinga, \u00fanico e exclusivo do Brasil. Com isso, esperamos uma maior aten\u00e7\u00e3o para esse importante bioma brasileiro\u201d, disse Lario.<\/p>\n<p>Segundo Mercadante, o programa, que tamb\u00e9m ser\u00e1 chamado de projeto Semeando Resili\u00eancia Clim\u00e1tica em Comunidades Rurais do Nordeste, \u00e9 pioneiro ao estender a uma ag\u00eancia internacional o modelo de opera\u00e7\u00e3o da experi\u00eancia brasileira no enfrentamento \u00e0 pobreza rural e no combate \u00e0 fome. \u201cO que estamos fazendo aqui \u00e9 construir as bases para proteger a Terra, mas sobretudo para proteger os mais pobres do agravamento da crise clim\u00e1tica que se avizinha. Estamos nos preparando para as adversidades e mostrando que o BNDES sabe criar, sabe inovar, sabe fazer\u201d, afirmou o presidente do banco.<\/p>\n<p>Para o ministro Paulo Teixeira, a parceria com o Fida servir\u00e1 de aprendizado para enfrentar o aquecimento global. \u201cO Cons\u00f3rcio Nordeste \u00e9 uma experi\u00eancia de trabalho muito evolu\u00edda no semi\u00e1rido, na caatinga. O bioma tem suas complexidades, mas pode ensinar o Brasil e o mundo nesse momento de dificuldades clim\u00e1ticas, e o Fida pode ajudar a dar um salto nessa experi\u00eancia para uma agricultura que, por um lado, produz alimentos saud\u00e1veis e, ao mesmo tempo, \u00e9 regenerativa\u201d, declarou.<\/p>\n<p>Coordenadora pol\u00edtica da C\u00e2mara T\u00e9cnica da Agricultura Familiar do Cons\u00f3rcio Nordeste, a governadora F\u00e1tima Bezerra disse que a parceria entre o BNDES, a Fida e os estados selecionados \u201clan\u00e7a luzes e aponta caminhos nessa nova conjuntura\u201d. O edital prev\u00ea que caber\u00e1 aos estados escolhidos repassar os recursos aos produtores rurais.<\/p>\n<p>Mais detalhes podem ser consultados na <a href=\"https:\/\/bndes.gov.br\/sertaovivo\" target=\"_blank\" rel=\"noopener\">p\u00e1gina do BNDES dedicada \u00e0 iniciativa<\/a>.<\/p>\n<\/p><\/div>\n<p><a href=\"https:\/\/agenciabrasil.ebc.com.br\/geral\/noticia\/2023-07\/bndes-e-fundo-da-onu-lancam-edital-de-r-1-bi-para-sertao-nordestino\">Fonte<\/a><\/p>\n","protected":false},"excerpt":{"rendered":"<p>Cerca de 250 mil fam\u00edlias de produtores rurais de quatro estados do semi\u00e1rido nordestino poder\u00e3o ter \u00e0 disposi\u00e7\u00e3o cerca de R$ 1 bilh\u00e3o para desenvolvimento de projetos de seguran\u00e7a alimentar e de adapta\u00e7\u00e3o \u00e0s mudan\u00e7as clim\u00e1ticas. Em parceria com o Fundo Internacional de Desenvolvimento Agr\u00edcola (Fida), da Organiza\u00e7\u00e3o das Na\u00e7\u00f5es Unidas (ONU), o Banco Nacional [&hellip;]<\/p>\n","protected":false},"author":1,"featured_media":28,"comment_status":"open","ping_status":"open","sticky":false,"template":"","format":"standard","meta":{"footnotes":""},"categories":[1],"tags":[],"_links":{"self":[{"href":"https:\/\/digitalizandosites.com.br\/noticias03\/wp-json\/wp\/v2\/posts\/27"}],"collection":[{"href":"https:\/\/digitalizandosites.com.br\/noticias03\/wp-json\/wp\/v2\/posts"}],"about":[{"href":"https:\/\/digitalizandosites.com.br\/noticias03\/wp-json\/wp\/v2\/types\/post"}],"author":[{"embeddable":true,"href":"https:\/\/digitalizandosites.com.br\/noticias03\/wp-json\/wp\/v2\/users\/1"}],"replies":[{"embeddable":true,"href":"https:\/\/digitalizandosites.com.br\/noticias03\/wp-json\/wp\/v2\/comments?post=27"}],"version-history":[{"count":1,"href":"https:\/\/digitalizandosites.com.br\/noticias03\/wp-json\/wp\/v2\/posts\/27\/revisions"}],"predecessor-version":[{"id":12709,"href":"https:\/\/digitalizandosites.com.br\/noticias03\/wp-json\/wp\/v2\/posts\/27\/revisions\/12709"}],"wp:featuredmedia":[{"embeddable":true,"href":"https:\/\/digitalizandosites.com.br\/noticias03\/wp-json\/wp\/v2\/media\/28"}],"wp:attachment":[{"href":"https:\/\/digitalizandosites.com.br\/noticias03\/wp-json\/wp\/v2\/media?parent=27"}],"wp:term":[{"taxonomy":"category","embeddable":true,"href":"https:\/\/digitalizandosites.com.br\/noticias03\/wp-json\/wp\/v2\/categories?post=27"},{"taxonomy":"post_tag","embeddable":true,"href":"https:\/\/digitalizandosites.com.br\/noticias03\/wp-json\/wp\/v2\/tags?post=27"}],"curies":[{"name":"wp","href":"https:\/\/api.w.org\/{rel}","templated":true}]}}