{"id":12651,"date":"2023-07-22T19:32:11","date_gmt":"2023-07-22T19:32:11","guid":{"rendered":"https:\/\/noticias.webunitystudio.site\/modelo23\/governo-estuda-ampliar-faixa-de-fronteira-da-amazonia-legal\/"},"modified":"2024-03-15T18:03:00","modified_gmt":"2024-03-15T18:03:00","slug":"governo-estuda-ampliar-faixa-de-fronteira-da-amazonia-legal","status":"publish","type":"post","link":"https:\/\/digitalizandosites.com.br\/noticias03\/governo-estuda-ampliar-faixa-de-fronteira-da-amazonia-legal\/","title":{"rendered":"Governo estuda ampliar faixa de fronteira da Amaz\u00f4nia Legal &#8211; Artigo de Exemplo"},"content":{"rendered":"<p><\/p>\n<div>\n<p>Na busca por\u00a0aumentar a seguran\u00e7a na regi\u00e3o amaz\u00f4nica, o governo estuda ampliar, em cerca de cem quil\u00f4metros (km)\u00a0a faixa de fronteira do Brasil com os pa\u00edses vizinhos. \u00c9 o que relata o ministro da Justi\u00e7a e Seguran\u00e7a P\u00fablica, Fl\u00e1vio Dino.<img decoding=\"async\" src=\"data:image\/gif;base64,R0lGODlhAQABAAAAACH5BAEKAAEALAAAAAABAAEAAAICTAEAOw==\" data-src=\"https:\/\/agenciabrasil.ebc.com.br\/ebc.png?id=1544980&amp;o=node\" class=\"lazyload\" style=\"width:1px; height:1px; display:inline;\"\/><img decoding=\"async\" src=\"data:image\/gif;base64,R0lGODlhAQABAAAAACH5BAEKAAEALAAAAAABAAEAAAICTAEAOw==\" data-src=\"https:\/\/agenciabrasil.ebc.com.br\/ebc.gif?id=1544980&amp;o=node\" class=\"lazyload\" style=\"width:1px; height:1px; display:inline;\"\/><\/p>\n<p>&#8220;Na constitui\u00e7\u00e3o existe uma autoriza\u00e7\u00e3o para que as for\u00e7as armadas atuem nas faixas de fronteira, que \u00e0 luz da constitui\u00e7\u00e3o \u00e9 entendido como uma faixa de 150 km da fronteira para dentro do territ\u00f3rio nacional.\u00a0Um dos temas que esta em debate \u00e9 na Amaz\u00f4nia ampliar essa faixa de fronteira, e o\u00a0ministro [da Defesa] M\u00facio defende essa tese.\u00a0Ontem conversamos com o presidente da Rep\u00fablica, vamos agora debater esse tema.\u00a0O\u00a0ministro M\u00facio ontem especulou a ideia\u00a0de 250 km, isso permitiria uma atua\u00e7\u00e3o mais alta das for\u00e7as armadas&#8221;, explica\u00a0o ministro Fl\u00e1vio Dino<\/p>\n<p>A declara\u00e7\u00e3o de Fl\u00e1vio Dino foi dada depois que ele participou da cerim\u00f4nia de lan\u00e7amento do Plano Amaz\u00f4nia: Seguran\u00e7a e Soberania (Amas), que prev\u00ea a\u00e7\u00f5es de seguran\u00e7a p\u00fablica nos estados da Amaz\u00f4nia Legal: Acre, Amap\u00e1, Amazonas, Maranh\u00e3o, Mato Grosso, Par\u00e1, Roraima, Rond\u00f4nia e Tocantins. O objetivo \u00e9 enfrentar crimes na regi\u00e3o, sobretudo os ambientais. Segundo o ministro da Justi\u00e7a, o governo quer implementar mais bases de monitoramento\u00a0na regi\u00e3o.\u00a0<\/p>\n<p>&#8220;O que tem de mais importante no Amas \u00e9 a instala\u00e7\u00e3o de <a href=\"https:\/\/agenciabrasil.ebc.com.br\/geral\/noticia\/2023-07\/plano-de-seguranca-na-amazonia-preve-34-bases-fluviais-e-terrestres\" target=\"_blank\" rel=\"noopener\">34 bases integradas<\/a>:\u00a0Policia\u00a0Federal\u00a0e policias estaduais, sendo 28 bases terrestres, seis\u00a0bases fluviais e dois centros de comando;\u00a0um centro de coopera\u00e7\u00e3o internacional liderado pela Pol\u00edcia Federal\u00a0e convite para as policias dos pa\u00edses da Amaz\u00f4nia e outro centro de comando\u00a0da For\u00e7a Nacional das opera\u00e7\u00f5es ambientais, ambos sediados em Manaus, comandando as for\u00e7as que est\u00e3o nos nove estados&#8221;, detalha o ministro.<\/p>\n<p>Para as a\u00e7\u00f5es do plano Amas, os investimentos s\u00e3o de R$ 2 bilh\u00f5es, do Fundo Nacional de Seguran\u00e7a P\u00fablica e do Fundo Amaz\u00f4nia. A verba vai ser destinada \u00e0 implanta\u00e7\u00e3o de estruturas e compra de viaturas, armamentos, helic\u00f3pteros, caminhonetes, lanchas blindadas, entre outros equipamentos.<\/p>\n<p>Ou\u00e7a na <a href=\"https:\/\/agenciabrasil.ebc.com.br\/radioagencia-nacional\" target=\"_blank\" rel=\"noopener\"><strong>Radioag\u00eancia Nacional<\/strong><\/a>:<\/p>\n<\/p><\/div>\n<p><a href=\"https:\/\/agenciabrasil.ebc.com.br\/politica\/noticia\/2023-07\/governo-estuda-ampliar-faixa-de-fronteira-da-amazonia-legal\">Fonte<\/a><\/p>\n","protected":false},"excerpt":{"rendered":"<p>Na busca por\u00a0aumentar a seguran\u00e7a na regi\u00e3o amaz\u00f4nica, o governo estuda ampliar, em cerca de cem quil\u00f4metros (km)\u00a0a faixa de fronteira do Brasil com os pa\u00edses vizinhos. \u00c9 o que relata o ministro da Justi\u00e7a e Seguran\u00e7a P\u00fablica, Fl\u00e1vio Dino. &#8220;Na constitui\u00e7\u00e3o existe uma autoriza\u00e7\u00e3o para que as for\u00e7as armadas atuem nas faixas de fronteira, [&hellip;]<\/p>\n","protected":false},"author":1,"featured_media":12652,"comment_status":"open","ping_status":"open","sticky":false,"template":"","format":"standard","meta":{"footnotes":""},"categories":[9],"tags":[],"_links":{"self":[{"href":"https:\/\/digitalizandosites.com.br\/noticias03\/wp-json\/wp\/v2\/posts\/12651"}],"collection":[{"href":"https:\/\/digitalizandosites.com.br\/noticias03\/wp-json\/wp\/v2\/posts"}],"about":[{"href":"https:\/\/digitalizandosites.com.br\/noticias03\/wp-json\/wp\/v2\/types\/post"}],"author":[{"embeddable":true,"href":"https:\/\/digitalizandosites.com.br\/noticias03\/wp-json\/wp\/v2\/users\/1"}],"replies":[{"embeddable":true,"href":"https:\/\/digitalizandosites.com.br\/noticias03\/wp-json\/wp\/v2\/comments?post=12651"}],"version-history":[{"count":1,"href":"https:\/\/digitalizandosites.com.br\/noticias03\/wp-json\/wp\/v2\/posts\/12651\/revisions"}],"predecessor-version":[{"id":12668,"href":"https:\/\/digitalizandosites.com.br\/noticias03\/wp-json\/wp\/v2\/posts\/12651\/revisions\/12668"}],"wp:featuredmedia":[{"embeddable":true,"href":"https:\/\/digitalizandosites.com.br\/noticias03\/wp-json\/wp\/v2\/media\/12652"}],"wp:attachment":[{"href":"https:\/\/digitalizandosites.com.br\/noticias03\/wp-json\/wp\/v2\/media?parent=12651"}],"wp:term":[{"taxonomy":"category","embeddable":true,"href":"https:\/\/digitalizandosites.com.br\/noticias03\/wp-json\/wp\/v2\/categories?post=12651"},{"taxonomy":"post_tag","embeddable":true,"href":"https:\/\/digitalizandosites.com.br\/noticias03\/wp-json\/wp\/v2\/tags?post=12651"}],"curies":[{"name":"wp","href":"https:\/\/api.w.org\/{rel}","templated":true}]}}