{"id":12486,"date":"2023-07-21T20:50:01","date_gmt":"2023-07-21T20:50:01","guid":{"rendered":"https:\/\/noticias.webunitystudio.site\/modelo23\/paa-agricultores-familiares-ofertam-248-mil-toneladas-de-alimentos\/"},"modified":"2024-03-15T18:03:06","modified_gmt":"2024-03-15T18:03:06","slug":"paa-agricultores-familiares-ofertam-248-mil-toneladas-de-alimentos","status":"publish","type":"post","link":"https:\/\/digitalizandosites.com.br\/noticias03\/paa-agricultores-familiares-ofertam-248-mil-toneladas-de-alimentos\/","title":{"rendered":"PAA: agricultores familiares ofertam 248 mil toneladas de alimentos &#8211; Artigo de Exemplo"},"content":{"rendered":"<p><\/p>\n<div>\n<p>O presidente Luiz In\u00e1cio Lula da Silva sancionou nesta quinta-feira (20), em evento no Pal\u00e1cio do Planalto, a medida provis\u00f3ria (MP) que recriou o Programa de Aquisi\u00e7\u00e3o de Alimentos (PAA). A iniciativa prev\u00ea que um m\u00ednimo de 30% das compras p\u00fablicas de g\u00eaneros aliment\u00edcios deve ser adquirido da agricultura familiar, para destina\u00e7\u00e3o posterior a projetos de combate \u00e0 fome.<img decoding=\"async\" src=\"data:image\/gif;base64,R0lGODlhAQABAAAAACH5BAEKAAEALAAAAAABAAEAAAICTAEAOw==\" data-src=\"https:\/\/agenciabrasil.ebc.com.br\/ebc.png?id=1544756&amp;o=node\" class=\"lazyload\" style=\"width:1px; height:1px; display:inline;\"\/><img decoding=\"async\" src=\"data:image\/gif;base64,R0lGODlhAQABAAAAACH5BAEKAAEALAAAAAABAAEAAAICTAEAOw==\" data-src=\"https:\/\/agenciabrasil.ebc.com.br\/ebc.gif?id=1544756&amp;o=node\" class=\"lazyload\" style=\"width:1px; height:1px; display:inline;\"\/><\/p>\n<div class=\"dnd-widget-wrapper context-cheio_8colunas type-image\">\n<div class=\"dnd-atom-rendered\"><!-- scald=337888:cheio_8colunas --><\/p>\n<div class=\"shadow overflow-hidden rounded-lg d-block zoom-on-hover-sm shadow-hover w-100\">\n            <img decoding=\"async\" src=\"data:image\/gif;base64,R0lGODlhAQABAAAAACH5BAEKAAEALAAAAAABAAEAAAICTAEAOw==\" data-src=\"https:\/\/agenciabrasil.ebc.com.br\/sites\/default\/files\/thumbnails\/image\/loading_v2.gif\" data-echo=\"https:\/\/imagens.ebc.com.br\/Yv_QBKA_BVD2CcU5Afp6gqRZRhE=\/754x0\/smart\/https:\/\/agenciabrasil.ebc.com.br\/sites\/default\/files\/thumbnails\/image\/vac_abr2007233712.jpg?itok=CwvVROA9\" alt=\"Bras\u00edlia (DF), 20\/07\/2023 \u2013 Presidente Luiz In\u00e1cio Lula da Silva, Sanciona o Projeto de Lei n\u00b0 2.920\/2023, que institui o Programa de Aquisi\u00e7\u00e3o de Alimentos (PAA) e o Programa Cozinha Solid\u00e1ria. E\/D. O Pr. Lula,e a  Primeira Dama, Janja, Foto Valter Campanato\/Ag\u00eancia Brasil.\" title=\"Valter Campanato\/Ag\u00eancia Brasil\" class=\"flex-fill img-cover lazyload\"\/><br \/>\n        <noscript><img decoding=\"async\" src=\"data:image\/gif;base64,R0lGODlhAQABAAAAACH5BAEKAAEALAAAAAABAAEAAAICTAEAOw==\" data-src=\"https:\/\/imagens.ebc.com.br\/Yv_QBKA_BVD2CcU5Afp6gqRZRhE=\/754x0\/smart\/https:\/\/agenciabrasil.ebc.com.br\/sites\/default\/files\/thumbnails\/image\/vac_abr2007233712.jpg?itok=CwvVROA9\" alt=\"Bras\u00edlia (DF), 20\/07\/2023 \u2013 Presidente Luiz In\u00e1cio Lula da Silva, Sanciona o Projeto de Lei n\u00b0 2.920\/2023, que institui o Programa de Aquisi\u00e7\u00e3o de Alimentos (PAA) e o Programa Cozinha Solid\u00e1ria. E\/D. O Pr. Lula,e a  Primeira Dama, Janja, Foto Valter Campanato\/Ag\u00eancia Brasil.\" title=\"Valter Campanato\/Ag\u00eancia Brasil\" class=\"flex-fill img-cover lazyload\"\/><\/noscript>\n    <\/div>\n<p><!-- END scald=337888 --><\/div>\n<p><h6 class=\"meta\">Presidente Luiz In\u00e1cio Lula da Silva sanciona o Projeto de Lei n\u00b0 2.920\/2023, que institui o Programa de Aquisi\u00e7\u00e3o de Alimentos\u00a0e o Programa Cozinha Solid\u00e1ria- <strong>Valter Campanato\/Ag\u00eancia Brasil<\/strong><!--END copyright=337888--><\/h6>\n<\/p>\n<\/div>\n<blockquote>\n<p>&#8220;O governo est\u00e1 investindo na qualidade da alimenta\u00e7\u00e3o do povo brasileiro, est\u00e1 investindo para que eles tenham direito \u00e0s calorias e \u00e0s prote\u00ednas necess\u00e1rias, para que as crian\u00e7as possam tomar caf\u00e9, almo\u00e7ar e jantar, e comer o suficiente para n\u00e3o morrer de fome. Est\u00e1 investindo para ajudar o pequeno e m\u00e9dio produtor rural que\u00a0muitas vezes plantam e n\u00e3o t\u00eam acesso a mercado para vender os seus produtos&#8221;, destacou Lula ao assinar a san\u00e7\u00e3o do programa.<\/p>\n<\/blockquote>\n<p>A MP foi editada em mar\u00e7o e teve tramita\u00e7\u00e3o conclu\u00edda no Congresso Nacional na semana passada.<br \/>\u00a0<br \/>&#8220;O PAA responde a dois pilares do governo Lula. O primeiro \u00e9 o aumento da produ\u00e7\u00e3o de alimentos, porque a venda \u00e9 certa e, como vende, [os produtores] t\u00eam recurso para organizar a produ\u00e7\u00e3o e vender para o mercado tamb\u00e9m. O outro pilar \u00e9 acabar com a fome no Brasil, e esses alimentos s\u00e3o distribu\u00eddos nas comunidades com inseguran\u00e7a alimentar&#8221;, afirmou o Ministro do Desenvolvimento Agr\u00e1rio, Paulo Teixeira. A pasta chefiada por ele coordena o programa juntamente com o Minist\u00e9rio do Desenvolvimento e Assist\u00eancia Social, Fam\u00edlia e Combate \u00e0 Fome (MDS), em parceria com a Companhia Nacional de Abastecimento (Conab), empresa p\u00fablica federal, e o Minist\u00e9rio da Fazenda.<\/p>\n<div class=\"dnd-widget-wrapper context-cheio_8colunas type-image\">\n<div class=\"dnd-atom-rendered\"><!-- scald=337884:cheio_8colunas --><\/p>\n<div class=\"shadow overflow-hidden rounded-lg d-block zoom-on-hover-sm shadow-hover w-100\">\n            <img decoding=\"async\" src=\"data:image\/gif;base64,R0lGODlhAQABAAAAACH5BAEKAAEALAAAAAABAAEAAAICTAEAOw==\" data-src=\"https:\/\/agenciabrasil.ebc.com.br\/sites\/default\/files\/thumbnails\/image\/loading_v2.gif\" data-echo=\"https:\/\/imagens.ebc.com.br\/VTrUuSdD0lNPPDwSycqPzWe94Mo=\/754x0\/smart\/https:\/\/agenciabrasil.ebc.com.br\/sites\/default\/files\/thumbnails\/image\/vac_abr2007233708.jpg?itok=b-nWoGAb\" alt=\"Bras\u00edlia (DF), 20\/07\/2023 \u2013 O Ministro (MDA),\u00a0Paulo Teixeira, durante cerim\u00f4nia que, Sanciona o Projeto de Lei n\u00b0 2.920\/2023, que institui o Programa de Aquisi\u00e7\u00e3o de Alimentos (PAA) e o Programa Cozinha Solid\u00e1ria. Foto Valter Campanato\/Ag\u00eancia Brasil.\" title=\"Valter Campanato\/Ag\u00eancia Brasil\" class=\"flex-fill img-cover lazyload\"\/><br \/>\n        <noscript><img decoding=\"async\" src=\"data:image\/gif;base64,R0lGODlhAQABAAAAACH5BAEKAAEALAAAAAABAAEAAAICTAEAOw==\" data-src=\"https:\/\/imagens.ebc.com.br\/VTrUuSdD0lNPPDwSycqPzWe94Mo=\/754x0\/smart\/https:\/\/agenciabrasil.ebc.com.br\/sites\/default\/files\/thumbnails\/image\/vac_abr2007233708.jpg?itok=b-nWoGAb\" alt=\"Bras\u00edlia (DF), 20\/07\/2023 \u2013 O Ministro (MDA),\u00a0Paulo Teixeira, durante cerim\u00f4nia que, Sanciona o Projeto de Lei n\u00b0 2.920\/2023, que institui o Programa de Aquisi\u00e7\u00e3o de Alimentos (PAA) e o Programa Cozinha Solid\u00e1ria. Foto Valter Campanato\/Ag\u00eancia Brasil.\" title=\"Valter Campanato\/Ag\u00eancia Brasil\" class=\"flex-fill img-cover lazyload\"\/><\/noscript>\n    <\/div>\n<p><!-- END scald=337884 --><\/div>\n<p><h6 class=\"meta\">Paulo Teixeira acredita que o programa responde a dois pilares do governo &#8211; <strong>Valter Campanato\/Ag\u00eancia Brasil<\/strong><!--END copyright=337884--><\/h6>\n<\/p>\n<\/div>\n<p>Entre as novidades do novo PAA est\u00e1 o aumento no valor individual que pode ser comercializado pelas agricultoras e pelos agricultores familiares, de R$ 12 mil para R$ 15 mil, nas modalidades Doa\u00e7\u00e3o Simult\u00e2nea, Forma\u00e7\u00e3o de Estoques e Compra Direta. Tamb\u00e9m foi institu\u00edda, durante a tramita\u00e7\u00e3o da proposta, a cria\u00e7\u00e3o do Programa Cozinha Solid\u00e1ria, associado ao PAA, que fornecer\u00e1 alimenta\u00e7\u00e3o gratuita a pessoas em situa\u00e7\u00e3o de rua e com inseguran\u00e7a alimentar.<\/p>\n<p>O novo PAA tamb\u00e9m retoma a participa\u00e7\u00e3o da sociedade civil na gest\u00e3o, por meio do Grupo Gestor do Programa de Aquisi\u00e7\u00e3o de Alimentos (GGPAA) e do Comit\u00ea de Assessoramento do GGPAA, e institui a participa\u00e7\u00e3o m\u00ednima de 50% de mulheres na execu\u00e7\u00e3o do programa no conjunto de suas modalidades. Antes, o percentual era de 40%.<\/p>\n<h2>Projetos apresentados<\/h2>\n<p>Desde que foi retomado, o PAA recebeu mais de 3,7 mil propostas apresentadas por associa\u00e7\u00f5es e cooperativas da agricultura familiar, na modalidade Compra com Doa\u00e7\u00e3o Simult\u00e2nea (CDS). Ao todo, as inscri\u00e7\u00f5es totalizam mais de R$ 1,1 bilh\u00e3o, com previs\u00e3o de entrega de 248 mil toneladas de alimentos produzidos por cerca de 77 mil fam\u00edlias\u00a0de\u00a0agricultores em todo o pa\u00eds. Os n\u00fameros s\u00e3o da Conab.<\/p>\n<p>Nos projetos, foram ofertados mais de 350 tipos de alimentos diferentes, sendo 63% de hortigranjeiros, 18% de processados, 11% de carnes e pescados, 8% de gr\u00e3os e 0,4% de sementes e mudas. As ofertas abrangem produtores rurais distribu\u00eddos em 1.572 munic\u00edpios, sendo 49% do Nordeste, 19% do Norte, 15% do Sudeste, 10% do Sul e 8% do Centro-Oeste. Esses projetos t\u00eam 70% de participa\u00e7\u00e3o das mulheres, segundo informou o ministro Paulo Teixeira.<\/p>\n<p>Apesar da lei do novo PAA n\u00e3o estabelecer obrigatoriedade da aquisi\u00e7\u00e3o, por \u00f3rg\u00e3os p\u00fablicos, do m\u00ednimo de 30% de alimentos da agricultura familiar, o presidente Lula pediu empenho dos ministros e do governo federal para fazer valer a previs\u00e3o. &#8220;\u00c9 importante que a gente passe a fiscalizar para saber que as coisas est\u00e3o acontecendo. Se isso acontecer, a gente vai transformar todos os pequenos agricultores, em vez de pequenos agricultores pobres e miser\u00e1veis, em gente de classe m\u00e9dia&#8221;, afirmou.<\/p>\n<p>Como estrat\u00e9gia para impulsionar o PAA, o <a href=\"https:\/\/agenciabrasil.ebc.com.br\/geral\/noticia\/2023-07\/ministerios-assinam-acordo-para-impulsionar-agricultura-familiar\" target=\"_blank\" rel=\"noopener\">governo federal tamb\u00e9m criou uma for\u00e7a-tarefa<\/a>, envolvendo cinco minist\u00e9rios, para assegurar a aquisi\u00e7\u00e3o de alimentos produzidos pela agricultura familiar, por meio de compras p\u00fablicas.<\/p>\n<\/p><\/div>\n<p><a href=\"https:\/\/agenciabrasil.ebc.com.br\/politica\/noticia\/2023-07\/paa-agricultores-familiares-ofertam-248-mil-toneladas-de-alimentos\">Fonte<\/a><\/p>\n","protected":false},"excerpt":{"rendered":"<p>O presidente Luiz In\u00e1cio Lula da Silva sancionou nesta quinta-feira (20), em evento no Pal\u00e1cio do Planalto, a medida provis\u00f3ria (MP) que recriou o Programa de Aquisi\u00e7\u00e3o de Alimentos (PAA). A iniciativa prev\u00ea que um m\u00ednimo de 30% das compras p\u00fablicas de g\u00eaneros aliment\u00edcios deve ser adquirido da agricultura familiar, para destina\u00e7\u00e3o posterior a projetos [&hellip;]<\/p>\n","protected":false},"author":1,"featured_media":12487,"comment_status":"open","ping_status":"open","sticky":false,"template":"","format":"standard","meta":{"footnotes":""},"categories":[9],"tags":[],"_links":{"self":[{"href":"https:\/\/digitalizandosites.com.br\/noticias03\/wp-json\/wp\/v2\/posts\/12486"}],"collection":[{"href":"https:\/\/digitalizandosites.com.br\/noticias03\/wp-json\/wp\/v2\/posts"}],"about":[{"href":"https:\/\/digitalizandosites.com.br\/noticias03\/wp-json\/wp\/v2\/types\/post"}],"author":[{"embeddable":true,"href":"https:\/\/digitalizandosites.com.br\/noticias03\/wp-json\/wp\/v2\/users\/1"}],"replies":[{"embeddable":true,"href":"https:\/\/digitalizandosites.com.br\/noticias03\/wp-json\/wp\/v2\/comments?post=12486"}],"version-history":[{"count":1,"href":"https:\/\/digitalizandosites.com.br\/noticias03\/wp-json\/wp\/v2\/posts\/12486\/revisions"}],"predecessor-version":[{"id":12670,"href":"https:\/\/digitalizandosites.com.br\/noticias03\/wp-json\/wp\/v2\/posts\/12486\/revisions\/12670"}],"wp:featuredmedia":[{"embeddable":true,"href":"https:\/\/digitalizandosites.com.br\/noticias03\/wp-json\/wp\/v2\/media\/12487"}],"wp:attachment":[{"href":"https:\/\/digitalizandosites.com.br\/noticias03\/wp-json\/wp\/v2\/media?parent=12486"}],"wp:term":[{"taxonomy":"category","embeddable":true,"href":"https:\/\/digitalizandosites.com.br\/noticias03\/wp-json\/wp\/v2\/categories?post=12486"},{"taxonomy":"post_tag","embeddable":true,"href":"https:\/\/digitalizandosites.com.br\/noticias03\/wp-json\/wp\/v2\/tags?post=12486"}],"curies":[{"name":"wp","href":"https:\/\/api.w.org\/{rel}","templated":true}]}}