{"id":12482,"date":"2023-07-19T16:51:54","date_gmt":"2023-07-19T16:51:54","guid":{"rendered":"https:\/\/noticias.webunitystudio.site\/modelo23\/lula-defende-punicao-severa-a-agressores-de-alexandre-de-moraes\/"},"modified":"2024-03-15T18:03:10","modified_gmt":"2024-03-15T18:03:10","slug":"lula-defende-punicao-severa-a-agressores-de-alexandre-de-moraes","status":"publish","type":"post","link":"https:\/\/digitalizandosites.com.br\/noticias03\/lula-defende-punicao-severa-a-agressores-de-alexandre-de-moraes\/","title":{"rendered":"Lula defende puni\u00e7\u00e3o severa a agressores de Alexandre de Moraes &#8211; Artigo de Exemplo"},"content":{"rendered":"<p><\/p>\n<div>\n<p>O presidente Luiz In\u00e1cio Lula da Silva disse que agress\u00f5es como a ocorrida contra o ministro do Supremo Tribunal Federal, Alexandre de Moraes, e seus familiares, no aeroporto de Roma, It\u00e1lia, precisam ter respostas duras e puni\u00e7\u00e3o severa, de forma a inibir as manifesta\u00e7\u00f5es de \u00f3dio estimuladas pelo neofascismo que renasceu e foi colocado em pr\u00e1tica no Brasil.<img decoding=\"async\" src=\"data:image\/gif;base64,R0lGODlhAQABAAAAACH5BAEKAAEALAAAAAABAAEAAAICTAEAOw==\" data-src=\"https:\/\/agenciabrasil.ebc.com.br\/ebc.png?id=1544450&amp;o=node\" class=\"lazyload\" style=\"width:1px; height:1px; display:inline;\"\/><img decoding=\"async\" src=\"data:image\/gif;base64,R0lGODlhAQABAAAAACH5BAEKAAEALAAAAAABAAEAAAICTAEAOw==\" data-src=\"https:\/\/agenciabrasil.ebc.com.br\/ebc.gif?id=1544450&amp;o=node\" class=\"lazyload\" style=\"width:1px; height:1px; display:inline;\"\/><\/p>\n<p>A declara\u00e7\u00e3o foi feita nesta quarta-feira (19) durante coletiva de imprensa pouco antes de o presidente embarcar para o Brasil. Lula participou, em Bruxelas, da 3\u00aa C\u00fapula da Comunidade de Estados Latino-americanos e Caribenhos (Celac) e da Uni\u00e3o Europeia (UE).<\/p>\n<p>A agress\u00e3o contra Moraes e sua fam\u00edlia teria sido feita pelo empres\u00e1rio Roberto Mantovani Filho e sua esposa, Andrea Mantovani. <a href=\"https:\/\/agenciabrasil.ebc.com.br\/geral\/noticia\/2023-07\/alexandre-de-moraes-e-hostilizado-na-italia-e-politicos-reagem\" target=\"_blank\" rel=\"noopener\">O caso foi divulgado no \u00faltimo fim de semana pela imprensa<\/a>. Segundo as reportagens, o grupo teria chamado o ministro de &#8220;bandido e comunista&#8221;.<\/p>\n<p>Ao questionar os insultos, o filho do ministro foi agredido por um dos acusados. Moraes estava na It\u00e1lia para participar de uma palestra na Universidade de Siena.<\/p>\n<p>Lula associou a agress\u00e3o ao \u201c\u00f3dio surgido durante o processo eleitoral\u201d. Segundo ele, h\u00e1 uma \u201cvontade majorit\u00e1ria entre as pessoas\u201d, de que esse \u00f3dio seja extirpado. \u201cEssa gente que renasceu no neofascismo colocado em pr\u00e1tica no Brasil tem de ser extirpada. Vamos ser muito duro com essa gente, para eles aprenderem a voltar a ser civilizados\u201d, disse o presidente.<\/p>\n<p>\u201cPrecisamos punir severamente pessoas que ainda transmitem \u00f3dio, como o cidad\u00e3o que agrediu o ministro Alexandre de Moraes no aeroporto em Roma. Um cidad\u00e3o desse \u00e9 um animal selvagem. N\u00e3o \u00e9 um ser humano. Ele pode n\u00e3o concordar com a pessoa, mas n\u00e3o tem de ser agressivo, xingar ou desrespeitar\u201d, disse.<\/p>\n<\/p><\/div>\n<p><a href=\"https:\/\/agenciabrasil.ebc.com.br\/politica\/noticia\/2023-07\/lula-defende-punicao-severa-agressores-de-alexandre-de-moraes\">Fonte<\/a><\/p>\n","protected":false},"excerpt":{"rendered":"<p>O presidente Luiz In\u00e1cio Lula da Silva disse que agress\u00f5es como a ocorrida contra o ministro do Supremo Tribunal Federal, Alexandre de Moraes, e seus familiares, no aeroporto de Roma, It\u00e1lia, precisam ter respostas duras e puni\u00e7\u00e3o severa, de forma a inibir as manifesta\u00e7\u00f5es de \u00f3dio estimuladas pelo neofascismo que renasceu e foi colocado em [&hellip;]<\/p>\n","protected":false},"author":1,"featured_media":12483,"comment_status":"open","ping_status":"open","sticky":false,"template":"","format":"standard","meta":{"footnotes":""},"categories":[9],"tags":[],"_links":{"self":[{"href":"https:\/\/digitalizandosites.com.br\/noticias03\/wp-json\/wp\/v2\/posts\/12482"}],"collection":[{"href":"https:\/\/digitalizandosites.com.br\/noticias03\/wp-json\/wp\/v2\/posts"}],"about":[{"href":"https:\/\/digitalizandosites.com.br\/noticias03\/wp-json\/wp\/v2\/types\/post"}],"author":[{"embeddable":true,"href":"https:\/\/digitalizandosites.com.br\/noticias03\/wp-json\/wp\/v2\/users\/1"}],"replies":[{"embeddable":true,"href":"https:\/\/digitalizandosites.com.br\/noticias03\/wp-json\/wp\/v2\/comments?post=12482"}],"version-history":[{"count":1,"href":"https:\/\/digitalizandosites.com.br\/noticias03\/wp-json\/wp\/v2\/posts\/12482\/revisions"}],"predecessor-version":[{"id":12672,"href":"https:\/\/digitalizandosites.com.br\/noticias03\/wp-json\/wp\/v2\/posts\/12482\/revisions\/12672"}],"wp:featuredmedia":[{"embeddable":true,"href":"https:\/\/digitalizandosites.com.br\/noticias03\/wp-json\/wp\/v2\/media\/12483"}],"wp:attachment":[{"href":"https:\/\/digitalizandosites.com.br\/noticias03\/wp-json\/wp\/v2\/media?parent=12482"}],"wp:term":[{"taxonomy":"category","embeddable":true,"href":"https:\/\/digitalizandosites.com.br\/noticias03\/wp-json\/wp\/v2\/categories?post=12482"},{"taxonomy":"post_tag","embeddable":true,"href":"https:\/\/digitalizandosites.com.br\/noticias03\/wp-json\/wp\/v2\/tags?post=12482"}],"curies":[{"name":"wp","href":"https:\/\/api.w.org\/{rel}","templated":true}]}}